{"id":115,"date":"2021-04-18T11:53:12","date_gmt":"2021-04-18T09:53:12","guid":{"rendered":"https:\/\/www.zof-mar.com.pl\/blog\/?p=115"},"modified":"2021-04-18T11:53:12","modified_gmt":"2021-04-18T09:53:12","slug":"wybor-zabudowy-do-przedpokoju-szafa-na-wymiar","status":"publish","type":"post","link":"https:\/\/www.zof-mar.com.pl\/blog\/2021\/04\/18\/wybor-zabudowy-do-przedpokoju-szafa-na-wymiar\/","title":{"rendered":"Wyb\u00f3r zabudowy do przedpokoju \u2013 szafa na wymiar"},"content":{"rendered":"\n<p>Przedpok\u00f3j to miejsce, kt\u00f3re wymaga dobrej organizacji. Jest nie tylko wizyt\u00f3wk\u0105 ca\u0142ego domu lub mieszkania, ale pe\u0142ni r\u00f3wnie\u017c funkcj\u0119 u\u017cytkow\u0105. Przyj\u0119\u0142o si\u0119, \u017ce podstawowym elementem wyposa\u017cenia przedpokoju, jest szafa na okrycia wierzchnie, buty i dodatki. Obecnie, na rynku mamy dost\u0119pne dwie opcje: szafy wolnostoj\u0105ce, oraz wykonane na zam\u00f3wienie. W ostatnich latach mo\u017cna zauwa\u017cy\u0107, \u017ce to w\u0142a\u015bnie ta druga opcja cieszy si\u0119 zdecydowanie wi\u0119ksz\u0105 popularno\u015bci\u0105. Nie ma w tym nic dziwnego &#8211; realizacja indywidualnego projektu jest dla potencjalnego klienta korzystniejsza. Dzi\u0119ki niemu, uzyskuje on dobrze zorganizowan\u0105 oraz przede wszystkim funkcjonaln\u0105 przestrze\u0144.<\/p>\n\n\n\n<figure class=\"wp-block-gallery columns-2 is-cropped wp-block-gallery-1 is-layout-flex wp-block-gallery-is-layout-flex\"><ul class=\"blocks-gallery-grid\"><li class=\"blocks-gallery-item\"><figure><img loading=\"lazy\" decoding=\"async\" width=\"1024\" height=\"1024\" src=\"https:\/\/www.zof-mar.com.pl\/blog\/wp-content\/uploads\/2021\/04\/wnetrze-szafy-na-wymiar-z-przesuwnymi-drzwiami-1024x1024.jpg\" alt=\"Wn\u0119trze szafy na wymiar w przedpokoju\" data-id=\"128\" data-full-url=\"https:\/\/www.zof-mar.com.pl\/blog\/wp-content\/uploads\/2021\/04\/wnetrze-szafy-na-wymiar-z-przesuwnymi-drzwiami.jpg\" data-link=\"https:\/\/www.zof-mar.com.pl\/blog\/?attachment_id=128\" class=\"wp-image-128\" srcset=\"https:\/\/www.zof-mar.com.pl\/blog\/wp-content\/uploads\/2021\/04\/wnetrze-szafy-na-wymiar-z-przesuwnymi-drzwiami-1024x1024.jpg 1024w, https:\/\/www.zof-mar.com.pl\/blog\/wp-content\/uploads\/2021\/04\/wnetrze-szafy-na-wymiar-z-przesuwnymi-drzwiami-300x300.jpg 300w, https:\/\/www.zof-mar.com.pl\/blog\/wp-content\/uploads\/2021\/04\/wnetrze-szafy-na-wymiar-z-przesuwnymi-drzwiami-150x150.jpg 150w, https:\/\/www.zof-mar.com.pl\/blog\/wp-content\/uploads\/2021\/04\/wnetrze-szafy-na-wymiar-z-przesuwnymi-drzwiami-768x768.jpg 768w, https:\/\/www.zof-mar.com.pl\/blog\/wp-content\/uploads\/2021\/04\/wnetrze-szafy-na-wymiar-z-przesuwnymi-drzwiami-1536x1536.jpg 1536w, https:\/\/www.zof-mar.com.pl\/blog\/wp-content\/uploads\/2021\/04\/wnetrze-szafy-na-wymiar-z-przesuwnymi-drzwiami-1200x1200.jpg 1200w, https:\/\/www.zof-mar.com.pl\/blog\/wp-content\/uploads\/2021\/04\/wnetrze-szafy-na-wymiar-z-przesuwnymi-drzwiami.jpg 1920w\" sizes=\"auto, (max-width: 1024px) 100vw, 1024px\" \/><\/figure><\/li><li class=\"blocks-gallery-item\"><figure><img loading=\"lazy\" decoding=\"async\" width=\"1024\" height=\"1024\" src=\"https:\/\/www.zof-mar.com.pl\/blog\/wp-content\/uploads\/2021\/04\/szafa-przesuwna-na-wymiar-do-holu-1024x1024.jpg\" alt=\"szafa przesuwna na wymiar do holu\" data-id=\"122\" data-full-url=\"https:\/\/www.zof-mar.com.pl\/blog\/wp-content\/uploads\/2021\/04\/szafa-przesuwna-na-wymiar-do-holu.jpg\" data-link=\"https:\/\/www.zof-mar.com.pl\/blog\/?attachment_id=122\" class=\"wp-image-122\" srcset=\"https:\/\/www.zof-mar.com.pl\/blog\/wp-content\/uploads\/2021\/04\/szafa-przesuwna-na-wymiar-do-holu-1024x1024.jpg 1024w, https:\/\/www.zof-mar.com.pl\/blog\/wp-content\/uploads\/2021\/04\/szafa-przesuwna-na-wymiar-do-holu-300x300.jpg 300w, https:\/\/www.zof-mar.com.pl\/blog\/wp-content\/uploads\/2021\/04\/szafa-przesuwna-na-wymiar-do-holu-150x150.jpg 150w, https:\/\/www.zof-mar.com.pl\/blog\/wp-content\/uploads\/2021\/04\/szafa-przesuwna-na-wymiar-do-holu-768x768.jpg 768w, https:\/\/www.zof-mar.com.pl\/blog\/wp-content\/uploads\/2021\/04\/szafa-przesuwna-na-wymiar-do-holu-1536x1536.jpg 1536w, https:\/\/www.zof-mar.com.pl\/blog\/wp-content\/uploads\/2021\/04\/szafa-przesuwna-na-wymiar-do-holu-1200x1200.jpg 1200w, https:\/\/www.zof-mar.com.pl\/blog\/wp-content\/uploads\/2021\/04\/szafa-przesuwna-na-wymiar-do-holu.jpg 1920w\" sizes=\"auto, (max-width: 1024px) 100vw, 1024px\" \/><\/figure><\/li><\/ul><\/figure>\n\n\n\n<h2 class=\"wp-block-heading\">Zalety szafy na zam\u00f3wienie\u00a0<\/h2>\n\n\n\n<p>Przedpok\u00f3j, jak sama nazwa wskazuje, jest pomieszczeniem przechodnim, w kt\u00f3rym domownicy nie sp\u0119dzaj\u0105 zbyt du\u017co czasu. Nie oznacza to jednak, \u017ce jego odpowiednia aran\u017cacja pozostaje bez znaczenia. To pomieszczenia niezwykle wa\u017cne, w\u0142a\u015bnie ze wzgl\u0119du na swoj\u0105 u\u017cytkow\u0105 funkcj\u0119, jak\u0105 jest przechowywanie. Odpowiednio zaplanowana oraz zorganizowana przestrze\u0144 pozwoli unikn\u0105\u0107 chaosu, oraz ba\u0142aganu, co zw\u0142aszcza w przypadku du\u017cej ilo\u015bci domownik\u00f3w jest cz\u0119stym problemem.&nbsp;<\/p>\n\n\n\n<p><a href=\"https:\/\/www.zof-mar.com.pl\/szafy.html\">Szafa na wymiar<\/a> do przedpokoju, jest dobrym rozwi\u0105zaniem dla tych os\u00f3b, kt\u00f3re chc\u0105 wykorzysta\u0107 ka\u017cdy, nawet najmniejszy centymetr przestrzeni. Doskonale sprawdzi si\u0119 zar\u00f3wno w niewielkich pomieszczeniach, jak r\u00f3wnie\u017c tych, kt\u00f3re maj\u0105 wn\u0119ki, skosy lub nietypowy kszta\u0142t, uniemo\u017cliwiaj\u0105cy zakup gotowego mebla z salonu. Dzi\u0119ki indywidualnemu projektowi, szafa b\u0119dzie dopasowana do konkretnych potrzeb i wymaga\u0144 klienta, zar\u00f3wno pod k\u0105tem u\u017cyteczno\u015bci, jak r\u00f3wnie\u017c estetyki.\u00a0<\/p>\n\n\n\n<p>Ze wzgl\u0119du na szeroki wyb\u00f3r dost\u0119pnych na rynku materia\u0142\u00f3w, szafa mo\u017ce przybra\u0107 dowolne kolory i faktury, pasuj\u0105ce do stylu ca\u0142ego domu lub mieszkania.<\/p>\n\n\n\n<figure class=\"wp-block-gallery columns-2 is-cropped wp-block-gallery-2 is-layout-flex wp-block-gallery-is-layout-flex\"><ul class=\"blocks-gallery-grid\"><li class=\"blocks-gallery-item\"><figure><img loading=\"lazy\" decoding=\"async\" width=\"1024\" height=\"1024\" src=\"https:\/\/www.zof-mar.com.pl\/blog\/wp-content\/uploads\/2021\/04\/szafa-z-lustrami-na-korytarz-1024x1024.jpg\" alt=\"szafa z lustrami na korytarz\" data-id=\"124\" data-full-url=\"https:\/\/www.zof-mar.com.pl\/blog\/wp-content\/uploads\/2021\/04\/szafa-z-lustrami-na-korytarz.jpg\" data-link=\"https:\/\/www.zof-mar.com.pl\/blog\/?attachment_id=124\" class=\"wp-image-124\" srcset=\"https:\/\/www.zof-mar.com.pl\/blog\/wp-content\/uploads\/2021\/04\/szafa-z-lustrami-na-korytarz-1024x1024.jpg 1024w, https:\/\/www.zof-mar.com.pl\/blog\/wp-content\/uploads\/2021\/04\/szafa-z-lustrami-na-korytarz-300x300.jpg 300w, https:\/\/www.zof-mar.com.pl\/blog\/wp-content\/uploads\/2021\/04\/szafa-z-lustrami-na-korytarz-150x150.jpg 150w, https:\/\/www.zof-mar.com.pl\/blog\/wp-content\/uploads\/2021\/04\/szafa-z-lustrami-na-korytarz-768x768.jpg 768w, https:\/\/www.zof-mar.com.pl\/blog\/wp-content\/uploads\/2021\/04\/szafa-z-lustrami-na-korytarz-1536x1536.jpg 1536w, https:\/\/www.zof-mar.com.pl\/blog\/wp-content\/uploads\/2021\/04\/szafa-z-lustrami-na-korytarz-1200x1200.jpg 1200w, https:\/\/www.zof-mar.com.pl\/blog\/wp-content\/uploads\/2021\/04\/szafa-z-lustrami-na-korytarz.jpg 1920w\" sizes=\"auto, (max-width: 1024px) 100vw, 1024px\" \/><\/figure><\/li><li class=\"blocks-gallery-item\"><figure><img loading=\"lazy\" decoding=\"async\" width=\"1024\" height=\"1024\" src=\"https:\/\/www.zof-mar.com.pl\/blog\/wp-content\/uploads\/2021\/04\/szafa-z-lustrami-i-drzwiami-przesuwnymy-przedpokoj-1024x1024.jpg\" alt=\"szafa z lustrami i drzwiami-przesuwnymy przedpokoj\" data-id=\"123\" data-full-url=\"https:\/\/www.zof-mar.com.pl\/blog\/wp-content\/uploads\/2021\/04\/szafa-z-lustrami-i-drzwiami-przesuwnymy-przedpokoj.jpg\" data-link=\"https:\/\/www.zof-mar.com.pl\/blog\/?attachment_id=123\" class=\"wp-image-123\" srcset=\"https:\/\/www.zof-mar.com.pl\/blog\/wp-content\/uploads\/2021\/04\/szafa-z-lustrami-i-drzwiami-przesuwnymy-przedpokoj-1024x1024.jpg 1024w, https:\/\/www.zof-mar.com.pl\/blog\/wp-content\/uploads\/2021\/04\/szafa-z-lustrami-i-drzwiami-przesuwnymy-przedpokoj-300x300.jpg 300w, https:\/\/www.zof-mar.com.pl\/blog\/wp-content\/uploads\/2021\/04\/szafa-z-lustrami-i-drzwiami-przesuwnymy-przedpokoj-150x150.jpg 150w, https:\/\/www.zof-mar.com.pl\/blog\/wp-content\/uploads\/2021\/04\/szafa-z-lustrami-i-drzwiami-przesuwnymy-przedpokoj-768x768.jpg 768w, https:\/\/www.zof-mar.com.pl\/blog\/wp-content\/uploads\/2021\/04\/szafa-z-lustrami-i-drzwiami-przesuwnymy-przedpokoj-1536x1536.jpg 1536w, https:\/\/www.zof-mar.com.pl\/blog\/wp-content\/uploads\/2021\/04\/szafa-z-lustrami-i-drzwiami-przesuwnymy-przedpokoj-1200x1200.jpg 1200w, https:\/\/www.zof-mar.com.pl\/blog\/wp-content\/uploads\/2021\/04\/szafa-z-lustrami-i-drzwiami-przesuwnymy-przedpokoj.jpg 1920w\" sizes=\"auto, (max-width: 1024px) 100vw, 1024px\" \/><\/figure><\/li><\/ul><\/figure>\n\n\n\n<h2 class=\"wp-block-heading\">Przygotowanie projektu&nbsp;<\/h2>\n\n\n\n<p>Projekt szafy do przedpokoju jest bardzo wa\u017cny i ma wp\u0142yw na efekt ko\u0144cowy. Wprowadzanie du\u017cych zmian w trakcie produkcji mebla bywa czasami niemo\u017cliwe, dlatego tak wa\u017cne jest, by projekt skonsultowa\u0107, lub przygotowa\u0107 od podstaw razem ze specjalist\u0105. Dzi\u0119ki temu, uzyskuje si\u0119 pewno\u015b\u0107, \u017ce gotowy produkt b\u0119dzie w pe\u0142ni przemy\u015blany i funkcjonalny.&nbsp;<\/p>\n\n\n\n<p>Szukaj\u0105c inspiracji warto nie tylko zapozna\u0107 si\u0119 z portfolio i ofert\u0105 producenta, ale r\u00f3wnie\u017c dopyta\u0107 o r\u00f3\u017cne mo\u017cliwo\u015bci i rozwi\u0105zania, kt\u00f3re ciesz\u0105 si\u0119 w\u015br\u00f3d klient\u00f3w du\u017cym zainteresowaniem. Mo\u017ce to by\u0107 np. monta\u017c lustra na ca\u0142ej wysoko\u015bci mebla, czy zorganizowanie siedziska, kt\u00f3re u\u0142atwi zmian\u0119 obuwia. Bardzo cz\u0119sto okazuje si\u0119, \u017ce to w\u0142a\u015bnie wykonawca projektu podpowiada klientowi, jaki rozwi\u0105zania warto zastosowa\u0107, aby przechowywanie by\u0142o komfortowe i dobrze zorganizowane.<\/p>\n\n\n\n<figure class=\"wp-block-image size-large\"><img loading=\"lazy\" decoding=\"async\" width=\"1024\" height=\"1024\" src=\"https:\/\/www.zof-mar.com.pl\/blog\/wp-content\/uploads\/2021\/04\/biala-garderoba-do-przedpokoju-1024x1024.jpg\" alt=\"bia\u0142a garderoba do przedpokoju\" class=\"wp-image-117\" srcset=\"https:\/\/www.zof-mar.com.pl\/blog\/wp-content\/uploads\/2021\/04\/biala-garderoba-do-przedpokoju-1024x1024.jpg 1024w, https:\/\/www.zof-mar.com.pl\/blog\/wp-content\/uploads\/2021\/04\/biala-garderoba-do-przedpokoju-300x300.jpg 300w, https:\/\/www.zof-mar.com.pl\/blog\/wp-content\/uploads\/2021\/04\/biala-garderoba-do-przedpokoju-150x150.jpg 150w, https:\/\/www.zof-mar.com.pl\/blog\/wp-content\/uploads\/2021\/04\/biala-garderoba-do-przedpokoju-768x768.jpg 768w, https:\/\/www.zof-mar.com.pl\/blog\/wp-content\/uploads\/2021\/04\/biala-garderoba-do-przedpokoju-1536x1536.jpg 1536w, https:\/\/www.zof-mar.com.pl\/blog\/wp-content\/uploads\/2021\/04\/biala-garderoba-do-przedpokoju-1200x1200.jpg 1200w, https:\/\/www.zof-mar.com.pl\/blog\/wp-content\/uploads\/2021\/04\/biala-garderoba-do-przedpokoju.jpg 1920w\" sizes=\"auto, (max-width: 1024px) 100vw, 1024px\" \/><\/figure>\n\n\n\n<h2 class=\"wp-block-heading\">Na co zwr\u00f3ci\u0107 szczeg\u00f3ln\u0105 uwag\u0119 przy zakupie szafy?<\/h2>\n\n\n\n<p><a href=\"https:\/\/www.zof-mar.com.pl\/\">Meble wykonane na zam\u00f3wienie<\/a>, s\u0105 gwarancj\u0105 jako\u015bci. Niewa\u017cne, czy chodzi o zabudow\u0119 niewielkiej wn\u0119ki w przedpokoju, czy te\u017c wykonanie wielkogabarytowej szafy na ca\u0142\u0105 \u015bcian\u0119 \u2013 ka\u017cdy projekt jest wyzwaniem, kt\u00f3r\u0105 producent zobowi\u0105zuje si\u0119 wykona\u0107 z najwi\u0119ksz\u0105 staranno\u015bci\u0105.\u00a0<\/p>\n\n\n\n<p>Kluczem do sukcesu i zadowolenia z efektu ko\u0144cowego jest wyb\u00f3r fachowca, kt\u00f3ry ma nie tylko dobre opinie w\u015br\u00f3d klient\u00f3w, ale r\u00f3wnie\u017c, takiego kt\u00f3ry mo\u017ce pochwali\u0107 si\u0119 przyk\u0142adowymi realizacjami. Opr\u00f3cz wyboru producenta wa\u017cny jest te\u017c dob\u00f3r materia\u0142\u00f3w. Warto wybiera\u0107 surowce wysokiej jako\u015bci, kt\u00f3re odpowiednio zabezpieczone, przetrwaj\u0105 wiele lat.&nbsp;<\/p>\n\n\n\n<p>W przypadku szafy na wymiar niezwykle istotne jest te\u017c odpowiednie zagospodarowanie wn\u0119trza, kt\u00f3re wp\u0142ywa na komfort codziennego u\u017cytkowania. Nale\u017cy pami\u0119ta\u0107 o tym, \u017ce nawet najpi\u0119kniejsza szafa nie zagwarantuje zadowolenia, je\u015bli jej wn\u0119trze b\u0119dzie kompletnie nieprzemy\u015blane, a w zwi\u0105zku z tym niepraktyczne.<\/p>\n","protected":false},"excerpt":{"rendered":"<p>Przedpok\u00f3j to miejsce, kt\u00f3re wymaga dobrej organizacji. Jest nie tylko wizyt\u00f3wk\u0105 ca\u0142ego domu lub mieszkania, ale pe\u0142ni r\u00f3wnie\u017c funkcj\u0119 u\u017cytkow\u0105. Przyj\u0119\u0142o si\u0119, \u017ce podstawowym elementem wyposa\u017cenia przedpokoju, jest szafa na okrycia wierzchnie, buty i dodatki. Obecnie, na rynku mamy dost\u0119pne dwie opcje: szafy wolnostoj\u0105ce, oraz wykonane na zam\u00f3wienie. W ostatnich latach mo\u017cna zauwa\u017cy\u0107, \u017ce to [&hellip;]<\/p>\n","protected":false},"author":1,"featured_media":116,"comment_status":"open","ping_status":"open","sticky":false,"template":"","format":"standard","meta":{"footnotes":""},"categories":[1],"tags":[12],"class_list":["post-115","post","type-post","status-publish","format-standard","has-post-thumbnail","hentry","category-szafy","tag-szafy-na-wymiar"],"yoast_head":"<!-- This site is optimized with the Yoast SEO plugin v27.5 - https:\/\/yoast.com\/product\/yoast-seo-wordpress\/ -->\n<title>Wyb\u00f3r zabudowy do przedpokoju \u2013 szafa na wymiar - Zof-Mar<\/title>\n<meta name=\"robots\" content=\"index, follow, max-snippet:-1, max-image-preview:large, max-video-preview:-1\" \/>\n<link rel=\"canonical\" href=\"https:\/\/www.zof-mar.com.pl\/blog\/2021\/04\/18\/wybor-zabudowy-do-przedpokoju-szafa-na-wymiar\/\" \/>\n<meta property=\"og:locale\" content=\"pl_PL\" \/>\n<meta property=\"og:type\" content=\"article\" \/>\n<meta property=\"og:title\" content=\"Wyb\u00f3r zabudowy do przedpokoju \u2013 szafa na wymiar - Zof-Mar\" \/>\n<meta property=\"og:description\" content=\"Przedpok\u00f3j to miejsce, kt\u00f3re wymaga dobrej organizacji. Jest nie tylko wizyt\u00f3wk\u0105 ca\u0142ego domu lub mieszkania, ale pe\u0142ni r\u00f3wnie\u017c funkcj\u0119 u\u017cytkow\u0105. Przyj\u0119\u0142o si\u0119, \u017ce podstawowym elementem wyposa\u017cenia przedpokoju, jest szafa na okrycia wierzchnie, buty i dodatki. Obecnie, na rynku mamy dost\u0119pne dwie opcje: szafy wolnostoj\u0105ce, oraz wykonane na zam\u00f3wienie. W ostatnich latach mo\u017cna zauwa\u017cy\u0107, \u017ce to [&hellip;]\" \/>\n<meta property=\"og:url\" content=\"https:\/\/www.zof-mar.com.pl\/blog\/2021\/04\/18\/wybor-zabudowy-do-przedpokoju-szafa-na-wymiar\/\" \/>\n<meta property=\"og:site_name\" content=\"Zof-Mar\" \/>\n<meta property=\"article:published_time\" content=\"2021-04-18T09:53:12+00:00\" \/>\n<meta property=\"og:image\" content=\"https:\/\/www.zof-mar.com.pl\/blog\/wp-content\/uploads\/2021\/04\/nowoczesna-szafa-na-wymiar-w-przedpokoju.jpg\" \/>\n\t<meta property=\"og:image:width\" content=\"1000\" \/>\n\t<meta property=\"og:image:height\" content=\"667\" \/>\n\t<meta property=\"og:image:type\" content=\"image\/jpeg\" \/>\n<meta name=\"author\" content=\"Zof-Mar\" \/>\n<meta name=\"twitter:card\" content=\"summary_large_image\" \/>\n<meta name=\"twitter:label1\" content=\"Napisane przez\" \/>\n\t<meta name=\"twitter:data1\" content=\"Zof-Mar\" \/>\n\t<meta name=\"twitter:label2\" content=\"Szacowany czas czytania\" \/>\n\t<meta name=\"twitter:data2\" content=\"4 minuty\" \/>\n<script type=\"application\/ld+json\" class=\"yoast-schema-graph\">{\"@context\":\"https:\\\/\\\/schema.org\",\"@graph\":[{\"@type\":\"Article\",\"@id\":\"https:\\\/\\\/www.zof-mar.com.pl\\\/blog\\\/2021\\\/04\\\/18\\\/wybor-zabudowy-do-przedpokoju-szafa-na-wymiar\\\/#article\",\"isPartOf\":{\"@id\":\"https:\\\/\\\/www.zof-mar.com.pl\\\/blog\\\/2021\\\/04\\\/18\\\/wybor-zabudowy-do-przedpokoju-szafa-na-wymiar\\\/\"},\"author\":{\"name\":\"Zof-Mar\",\"@id\":\"https:\\\/\\\/www.zof-mar.com.pl\\\/blog\\\/#\\\/schema\\\/person\\\/fb9a4126e9c83eb7c4ff0de5a0c3cf66\"},\"headline\":\"Wyb\u00f3r zabudowy do przedpokoju \u2013 szafa na wymiar\",\"datePublished\":\"2021-04-18T09:53:12+00:00\",\"mainEntityOfPage\":{\"@id\":\"https:\\\/\\\/www.zof-mar.com.pl\\\/blog\\\/2021\\\/04\\\/18\\\/wybor-zabudowy-do-przedpokoju-szafa-na-wymiar\\\/\"},\"wordCount\":633,\"commentCount\":0,\"image\":{\"@id\":\"https:\\\/\\\/www.zof-mar.com.pl\\\/blog\\\/2021\\\/04\\\/18\\\/wybor-zabudowy-do-przedpokoju-szafa-na-wymiar\\\/#primaryimage\"},\"thumbnailUrl\":\"https:\\\/\\\/www.zof-mar.com.pl\\\/blog\\\/wp-content\\\/uploads\\\/2021\\\/04\\\/nowoczesna-szafa-na-wymiar-w-przedpokoju.jpg\",\"keywords\":[\"szafy na wymiar\"],\"articleSection\":[\"Szafy\"],\"inLanguage\":\"pl-PL\",\"potentialAction\":[{\"@type\":\"CommentAction\",\"name\":\"Comment\",\"target\":[\"https:\\\/\\\/www.zof-mar.com.pl\\\/blog\\\/2021\\\/04\\\/18\\\/wybor-zabudowy-do-przedpokoju-szafa-na-wymiar\\\/#respond\"]}]},{\"@type\":\"WebPage\",\"@id\":\"https:\\\/\\\/www.zof-mar.com.pl\\\/blog\\\/2021\\\/04\\\/18\\\/wybor-zabudowy-do-przedpokoju-szafa-na-wymiar\\\/\",\"url\":\"https:\\\/\\\/www.zof-mar.com.pl\\\/blog\\\/2021\\\/04\\\/18\\\/wybor-zabudowy-do-przedpokoju-szafa-na-wymiar\\\/\",\"name\":\"Wyb\u00f3r zabudowy do przedpokoju \u2013 szafa na wymiar - Zof-Mar\",\"isPartOf\":{\"@id\":\"https:\\\/\\\/www.zof-mar.com.pl\\\/blog\\\/#website\"},\"primaryImageOfPage\":{\"@id\":\"https:\\\/\\\/www.zof-mar.com.pl\\\/blog\\\/2021\\\/04\\\/18\\\/wybor-zabudowy-do-przedpokoju-szafa-na-wymiar\\\/#primaryimage\"},\"image\":{\"@id\":\"https:\\\/\\\/www.zof-mar.com.pl\\\/blog\\\/2021\\\/04\\\/18\\\/wybor-zabudowy-do-przedpokoju-szafa-na-wymiar\\\/#primaryimage\"},\"thumbnailUrl\":\"https:\\\/\\\/www.zof-mar.com.pl\\\/blog\\\/wp-content\\\/uploads\\\/2021\\\/04\\\/nowoczesna-szafa-na-wymiar-w-przedpokoju.jpg\",\"datePublished\":\"2021-04-18T09:53:12+00:00\",\"author\":{\"@id\":\"https:\\\/\\\/www.zof-mar.com.pl\\\/blog\\\/#\\\/schema\\\/person\\\/fb9a4126e9c83eb7c4ff0de5a0c3cf66\"},\"breadcrumb\":{\"@id\":\"https:\\\/\\\/www.zof-mar.com.pl\\\/blog\\\/2021\\\/04\\\/18\\\/wybor-zabudowy-do-przedpokoju-szafa-na-wymiar\\\/#breadcrumb\"},\"inLanguage\":\"pl-PL\",\"potentialAction\":[{\"@type\":\"ReadAction\",\"target\":[\"https:\\\/\\\/www.zof-mar.com.pl\\\/blog\\\/2021\\\/04\\\/18\\\/wybor-zabudowy-do-przedpokoju-szafa-na-wymiar\\\/\"]}]},{\"@type\":\"ImageObject\",\"inLanguage\":\"pl-PL\",\"@id\":\"https:\\\/\\\/www.zof-mar.com.pl\\\/blog\\\/2021\\\/04\\\/18\\\/wybor-zabudowy-do-przedpokoju-szafa-na-wymiar\\\/#primaryimage\",\"url\":\"https:\\\/\\\/www.zof-mar.com.pl\\\/blog\\\/wp-content\\\/uploads\\\/2021\\\/04\\\/nowoczesna-szafa-na-wymiar-w-przedpokoju.jpg\",\"contentUrl\":\"https:\\\/\\\/www.zof-mar.com.pl\\\/blog\\\/wp-content\\\/uploads\\\/2021\\\/04\\\/nowoczesna-szafa-na-wymiar-w-przedpokoju.jpg\",\"width\":1000,\"height\":667,\"caption\":\"Nowoczesna szafa na wymiar\"},{\"@type\":\"BreadcrumbList\",\"@id\":\"https:\\\/\\\/www.zof-mar.com.pl\\\/blog\\\/2021\\\/04\\\/18\\\/wybor-zabudowy-do-przedpokoju-szafa-na-wymiar\\\/#breadcrumb\",\"itemListElement\":[{\"@type\":\"ListItem\",\"position\":1,\"name\":\"Strona g\u0142\u00f3wna\",\"item\":\"https:\\\/\\\/www.zof-mar.com.pl\\\/blog\\\/\"},{\"@type\":\"ListItem\",\"position\":2,\"name\":\"Wyb\u00f3r zabudowy do przedpokoju \u2013 szafa na wymiar\"}]},{\"@type\":\"WebSite\",\"@id\":\"https:\\\/\\\/www.zof-mar.com.pl\\\/blog\\\/#website\",\"url\":\"https:\\\/\\\/www.zof-mar.com.pl\\\/blog\\\/\",\"name\":\"Zof-Mar\",\"description\":\"Odkryj \u015bwiat mebli na wymiar\",\"potentialAction\":[{\"@type\":\"SearchAction\",\"target\":{\"@type\":\"EntryPoint\",\"urlTemplate\":\"https:\\\/\\\/www.zof-mar.com.pl\\\/blog\\\/?s={search_term_string}\"},\"query-input\":{\"@type\":\"PropertyValueSpecification\",\"valueRequired\":true,\"valueName\":\"search_term_string\"}}],\"inLanguage\":\"pl-PL\"},{\"@type\":\"Person\",\"@id\":\"https:\\\/\\\/www.zof-mar.com.pl\\\/blog\\\/#\\\/schema\\\/person\\\/fb9a4126e9c83eb7c4ff0de5a0c3cf66\",\"name\":\"Zof-Mar\",\"image\":{\"@type\":\"ImageObject\",\"inLanguage\":\"pl-PL\",\"@id\":\"https:\\\/\\\/secure.gravatar.com\\\/avatar\\\/a8613f0531a963f0a4e79327281e3e1c4ff830ce6fd5e110de1803ae097e9d24?s=96&d=mm&r=g\",\"url\":\"https:\\\/\\\/secure.gravatar.com\\\/avatar\\\/a8613f0531a963f0a4e79327281e3e1c4ff830ce6fd5e110de1803ae097e9d24?s=96&d=mm&r=g\",\"contentUrl\":\"https:\\\/\\\/secure.gravatar.com\\\/avatar\\\/a8613f0531a963f0a4e79327281e3e1c4ff830ce6fd5e110de1803ae097e9d24?s=96&d=mm&r=g\",\"caption\":\"Zof-Mar\"},\"sameAs\":[\"https:\\\/\\\/www.zof-mar.com.pl\\\/blog\"],\"url\":\"https:\\\/\\\/www.zof-mar.com.pl\\\/blog\\\/author\\\/zofmar\\\/\"}]}<\/script>\n<!-- \/ Yoast SEO plugin. -->","yoast_head_json":{"title":"Wyb\u00f3r zabudowy do przedpokoju \u2013 szafa na wymiar - Zof-Mar","robots":{"index":"index","follow":"follow","max-snippet":"max-snippet:-1","max-image-preview":"max-image-preview:large","max-video-preview":"max-video-preview:-1"},"canonical":"https:\/\/www.zof-mar.com.pl\/blog\/2021\/04\/18\/wybor-zabudowy-do-przedpokoju-szafa-na-wymiar\/","og_locale":"pl_PL","og_type":"article","og_title":"Wyb\u00f3r zabudowy do przedpokoju \u2013 szafa na wymiar - Zof-Mar","og_description":"Przedpok\u00f3j to miejsce, kt\u00f3re wymaga dobrej organizacji. Jest nie tylko wizyt\u00f3wk\u0105 ca\u0142ego domu lub mieszkania, ale pe\u0142ni r\u00f3wnie\u017c funkcj\u0119 u\u017cytkow\u0105. Przyj\u0119\u0142o si\u0119, \u017ce podstawowym elementem wyposa\u017cenia przedpokoju, jest szafa na okrycia wierzchnie, buty i dodatki. Obecnie, na rynku mamy dost\u0119pne dwie opcje: szafy wolnostoj\u0105ce, oraz wykonane na zam\u00f3wienie. W ostatnich latach mo\u017cna zauwa\u017cy\u0107, \u017ce to [&hellip;]","og_url":"https:\/\/www.zof-mar.com.pl\/blog\/2021\/04\/18\/wybor-zabudowy-do-przedpokoju-szafa-na-wymiar\/","og_site_name":"Zof-Mar","article_published_time":"2021-04-18T09:53:12+00:00","og_image":[{"width":1000,"height":667,"url":"https:\/\/www.zof-mar.com.pl\/blog\/wp-content\/uploads\/2021\/04\/nowoczesna-szafa-na-wymiar-w-przedpokoju.jpg","type":"image\/jpeg"}],"author":"Zof-Mar","twitter_card":"summary_large_image","twitter_misc":{"Napisane przez":"Zof-Mar","Szacowany czas czytania":"4 minuty"},"schema":{"@context":"https:\/\/schema.org","@graph":[{"@type":"Article","@id":"https:\/\/www.zof-mar.com.pl\/blog\/2021\/04\/18\/wybor-zabudowy-do-przedpokoju-szafa-na-wymiar\/#article","isPartOf":{"@id":"https:\/\/www.zof-mar.com.pl\/blog\/2021\/04\/18\/wybor-zabudowy-do-przedpokoju-szafa-na-wymiar\/"},"author":{"name":"Zof-Mar","@id":"https:\/\/www.zof-mar.com.pl\/blog\/#\/schema\/person\/fb9a4126e9c83eb7c4ff0de5a0c3cf66"},"headline":"Wyb\u00f3r zabudowy do przedpokoju \u2013 szafa na wymiar","datePublished":"2021-04-18T09:53:12+00:00","mainEntityOfPage":{"@id":"https:\/\/www.zof-mar.com.pl\/blog\/2021\/04\/18\/wybor-zabudowy-do-przedpokoju-szafa-na-wymiar\/"},"wordCount":633,"commentCount":0,"image":{"@id":"https:\/\/www.zof-mar.com.pl\/blog\/2021\/04\/18\/wybor-zabudowy-do-przedpokoju-szafa-na-wymiar\/#primaryimage"},"thumbnailUrl":"https:\/\/www.zof-mar.com.pl\/blog\/wp-content\/uploads\/2021\/04\/nowoczesna-szafa-na-wymiar-w-przedpokoju.jpg","keywords":["szafy na wymiar"],"articleSection":["Szafy"],"inLanguage":"pl-PL","potentialAction":[{"@type":"CommentAction","name":"Comment","target":["https:\/\/www.zof-mar.com.pl\/blog\/2021\/04\/18\/wybor-zabudowy-do-przedpokoju-szafa-na-wymiar\/#respond"]}]},{"@type":"WebPage","@id":"https:\/\/www.zof-mar.com.pl\/blog\/2021\/04\/18\/wybor-zabudowy-do-przedpokoju-szafa-na-wymiar\/","url":"https:\/\/www.zof-mar.com.pl\/blog\/2021\/04\/18\/wybor-zabudowy-do-przedpokoju-szafa-na-wymiar\/","name":"Wyb\u00f3r zabudowy do przedpokoju \u2013 szafa na wymiar - Zof-Mar","isPartOf":{"@id":"https:\/\/www.zof-mar.com.pl\/blog\/#website"},"primaryImageOfPage":{"@id":"https:\/\/www.zof-mar.com.pl\/blog\/2021\/04\/18\/wybor-zabudowy-do-przedpokoju-szafa-na-wymiar\/#primaryimage"},"image":{"@id":"https:\/\/www.zof-mar.com.pl\/blog\/2021\/04\/18\/wybor-zabudowy-do-przedpokoju-szafa-na-wymiar\/#primaryimage"},"thumbnailUrl":"https:\/\/www.zof-mar.com.pl\/blog\/wp-content\/uploads\/2021\/04\/nowoczesna-szafa-na-wymiar-w-przedpokoju.jpg","datePublished":"2021-04-18T09:53:12+00:00","author":{"@id":"https:\/\/www.zof-mar.com.pl\/blog\/#\/schema\/person\/fb9a4126e9c83eb7c4ff0de5a0c3cf66"},"breadcrumb":{"@id":"https:\/\/www.zof-mar.com.pl\/blog\/2021\/04\/18\/wybor-zabudowy-do-przedpokoju-szafa-na-wymiar\/#breadcrumb"},"inLanguage":"pl-PL","potentialAction":[{"@type":"ReadAction","target":["https:\/\/www.zof-mar.com.pl\/blog\/2021\/04\/18\/wybor-zabudowy-do-przedpokoju-szafa-na-wymiar\/"]}]},{"@type":"ImageObject","inLanguage":"pl-PL","@id":"https:\/\/www.zof-mar.com.pl\/blog\/2021\/04\/18\/wybor-zabudowy-do-przedpokoju-szafa-na-wymiar\/#primaryimage","url":"https:\/\/www.zof-mar.com.pl\/blog\/wp-content\/uploads\/2021\/04\/nowoczesna-szafa-na-wymiar-w-przedpokoju.jpg","contentUrl":"https:\/\/www.zof-mar.com.pl\/blog\/wp-content\/uploads\/2021\/04\/nowoczesna-szafa-na-wymiar-w-przedpokoju.jpg","width":1000,"height":667,"caption":"Nowoczesna szafa na wymiar"},{"@type":"BreadcrumbList","@id":"https:\/\/www.zof-mar.com.pl\/blog\/2021\/04\/18\/wybor-zabudowy-do-przedpokoju-szafa-na-wymiar\/#breadcrumb","itemListElement":[{"@type":"ListItem","position":1,"name":"Strona g\u0142\u00f3wna","item":"https:\/\/www.zof-mar.com.pl\/blog\/"},{"@type":"ListItem","position":2,"name":"Wyb\u00f3r zabudowy do przedpokoju \u2013 szafa na wymiar"}]},{"@type":"WebSite","@id":"https:\/\/www.zof-mar.com.pl\/blog\/#website","url":"https:\/\/www.zof-mar.com.pl\/blog\/","name":"Zof-Mar","description":"Odkryj \u015bwiat mebli na wymiar","potentialAction":[{"@type":"SearchAction","target":{"@type":"EntryPoint","urlTemplate":"https:\/\/www.zof-mar.com.pl\/blog\/?s={search_term_string}"},"query-input":{"@type":"PropertyValueSpecification","valueRequired":true,"valueName":"search_term_string"}}],"inLanguage":"pl-PL"},{"@type":"Person","@id":"https:\/\/www.zof-mar.com.pl\/blog\/#\/schema\/person\/fb9a4126e9c83eb7c4ff0de5a0c3cf66","name":"Zof-Mar","image":{"@type":"ImageObject","inLanguage":"pl-PL","@id":"https:\/\/secure.gravatar.com\/avatar\/a8613f0531a963f0a4e79327281e3e1c4ff830ce6fd5e110de1803ae097e9d24?s=96&d=mm&r=g","url":"https:\/\/secure.gravatar.com\/avatar\/a8613f0531a963f0a4e79327281e3e1c4ff830ce6fd5e110de1803ae097e9d24?s=96&d=mm&r=g","contentUrl":"https:\/\/secure.gravatar.com\/avatar\/a8613f0531a963f0a4e79327281e3e1c4ff830ce6fd5e110de1803ae097e9d24?s=96&d=mm&r=g","caption":"Zof-Mar"},"sameAs":["https:\/\/www.zof-mar.com.pl\/blog"],"url":"https:\/\/www.zof-mar.com.pl\/blog\/author\/zofmar\/"}]}},"_links":{"self":[{"href":"https:\/\/www.zof-mar.com.pl\/blog\/wp-json\/wp\/v2\/posts\/115","targetHints":{"allow":["GET"]}}],"collection":[{"href":"https:\/\/www.zof-mar.com.pl\/blog\/wp-json\/wp\/v2\/posts"}],"about":[{"href":"https:\/\/www.zof-mar.com.pl\/blog\/wp-json\/wp\/v2\/types\/post"}],"author":[{"embeddable":true,"href":"https:\/\/www.zof-mar.com.pl\/blog\/wp-json\/wp\/v2\/users\/1"}],"replies":[{"embeddable":true,"href":"https:\/\/www.zof-mar.com.pl\/blog\/wp-json\/wp\/v2\/comments?post=115"}],"version-history":[{"count":1,"href":"https:\/\/www.zof-mar.com.pl\/blog\/wp-json\/wp\/v2\/posts\/115\/revisions"}],"predecessor-version":[{"id":129,"href":"https:\/\/www.zof-mar.com.pl\/blog\/wp-json\/wp\/v2\/posts\/115\/revisions\/129"}],"wp:featuredmedia":[{"embeddable":true,"href":"https:\/\/www.zof-mar.com.pl\/blog\/wp-json\/wp\/v2\/media\/116"}],"wp:attachment":[{"href":"https:\/\/www.zof-mar.com.pl\/blog\/wp-json\/wp\/v2\/media?parent=115"}],"wp:term":[{"taxonomy":"category","embeddable":true,"href":"https:\/\/www.zof-mar.com.pl\/blog\/wp-json\/wp\/v2\/categories?post=115"},{"taxonomy":"post_tag","embeddable":true,"href":"https:\/\/www.zof-mar.com.pl\/blog\/wp-json\/wp\/v2\/tags?post=115"}],"curies":[{"name":"wp","href":"https:\/\/api.w.org\/{rel}","templated":true}]}}