{"id":274,"date":"2022-02-10T22:43:03","date_gmt":"2022-02-10T21:43:03","guid":{"rendered":"https:\/\/www.zof-mar.com.pl\/blog\/?p=274"},"modified":"2022-02-10T22:43:04","modified_gmt":"2022-02-10T21:43:04","slug":"zielone-meble-kuchenne-na-wymiar","status":"publish","type":"post","link":"https:\/\/www.zof-mar.com.pl\/blog\/2022\/02\/10\/zielone-meble-kuchenne-na-wymiar\/","title":{"rendered":"Zielone meble kuchenne na wymiar"},"content":{"rendered":"\n<p>Je\u015bli \u015bledzisz aktualne trendy wn\u0119trzarskie to z pewno\u015bci\u0105 natrafi\u0142e\u015b na niejedn\u0105 aran\u017cacj\u0119 z zielonymi szafkami kuchennymi. Ten przyjemny kolor w ostatnim sezonie znacznie zyska\u0142 na popularno\u015bci. To \u015bwietny koncept dla os\u00f3b nie toleruj\u0105cych nudy, kt\u00f3rym zale\u017cy na wyj\u0105tkowym, oryginalnym wn\u0119trzu. Zastanawiasz si\u0119, czy zielona kuchnia na wymiar sprawdzi si\u0119 w Twoim domu? Sprawd\u017a nasze inspiracje i postaw na <strong>zielone meble kuchenne<\/strong>!<\/p>\n\n\n\n<figure class=\"wp-block-image size-full\"><img loading=\"lazy\" decoding=\"async\" width=\"768\" height=\"476\" src=\"https:\/\/www.zof-mar.com.pl\/blog\/wp-content\/uploads\/2022\/02\/zielona-kuchnia-inspiracje-zof-mar-1.png\" alt=\"\" class=\"wp-image-279\" srcset=\"https:\/\/www.zof-mar.com.pl\/blog\/wp-content\/uploads\/2022\/02\/zielona-kuchnia-inspiracje-zof-mar-1.png 768w, https:\/\/www.zof-mar.com.pl\/blog\/wp-content\/uploads\/2022\/02\/zielona-kuchnia-inspiracje-zof-mar-1-300x186.png 300w\" sizes=\"auto, (max-width: 768px) 100vw, 768px\" \/><\/figure>\n\n\n\n<h2 class=\"wp-block-heading\" id=\"zielona-kuchnia-inspiracje\">Zielona kuchnia inspiracje<\/h2>\n\n\n\n<p>Ka\u017cdy odcie\u0144 zieleni charakteryzuje si\u0119 ca\u0142kowicie innym klimatem: ciemna le\u015bna ziele\u0144 zapewni wyj\u0105tkowy, dramatyczny i elegancki efekt, jaskrawa limonka b\u0119dzie stanowi\u0107 odwa\u017cny akcent, a delikatna sza\u0142wia b\u0119dzie bardzo subtelna i wyszukana. Jedno jest pewne &#8211; <strong>zielona kuchnia<\/strong> jest w tym sezonie bardzo modna! W tym wpisie znajdziesz wiele osza\u0142amiaj\u0105cych projekt\u00f3w, kt\u00f3re pasuj\u0105 zar\u00f3wno do nowoczesnych, tradycyjnych jak i rustykalnych wn\u0119trz.<\/p>\n\n\n\n<h2 class=\"wp-block-heading\" id=\"zielone-szafki-kuchenne-odcien-szalwiowy\">Zielone szafki kuchenne &#8211; odcie\u0144 sza\u0142wiowy<\/h2>\n\n\n\n<p>Sza\u0142wiowa ziele\u0144 jest bardzo popularnym wyborem \u2013 pi\u0119knie wsp\u00f3\u0142gra z wieloma innymi kolorami dzi\u0119ki czemu jest do\u015b\u0107 \u0142atwa w aran\u017cacji. Niezale\u017cnie od tego, czy szukasz szafek kuchennych w przytulnym, wiejskim stylu, czy te\u017c czego\u015b bardziej nowoczesnego \u2013 sza\u0142wiowa ziele\u0144 to odcie\u0144, nad kt\u00f3rym warto si\u0119 zastanowi\u0107. Widoczna na filmie poni\u017cej kuchnia w pi\u0119knym, sza\u0142wiowym kolorze jest spokojna i koj\u0105ca dla oka \u2013 tworzy przestrze\u0144, w kt\u00f3rej gotowanie b\u0119dzie czyst\u0105 przyjemno\u015bci\u0105. \u00a0Z jakimi kolorami najcz\u0119\u015bciej \u0142\u0105czy si\u0119 sza\u0142wi\u0119? Z biel\u0105, czerni\u0105, wszelkimi ciep\u0142ymi odcieniami drewna, marmurowymi wzorami oraz czarnymi, lakierowanymi powierzchniami.<\/p>\n\n\n\n<h2 class=\"wp-block-heading\" id=\"szalwiowa-kuchnia-w-domach-celebrytow\">Sza\u0142wiowa kuchnia w domach celebryt\u00f3w<\/h2>\n\n\n\n<p>\u015awietnym przyk\u0142adem na stylow\u0105 aran\u017cacj\u0119 z odcieniem sza\u0142wiowym jest pi\u0119kna kuchnia Dakoty Johnson, kt\u00f3r\u0105 mogli\u015bmy podziwia\u0107 w magazynie Architectural Digest. Jest to nowoczesna, stylowa przestrze\u0144, kt\u00f3ra stawia na prostot\u0119 \u2013 szafki kuchenne maj\u0105 g\u0142adkie, pozbawione zdobie\u0144 fronty oraz minimalistyczne uchwyty o prostej formie. Meble prezentowane na zdj\u0119ciach uzupe\u0142nione zosta\u0142y marmurowym blatem i miedzianymi gad\u017cetami. Kuchnia Dakoty jest \u015bwietnym dowodem na to, jak pi\u0119knie odcie\u0144 sza\u0142wii \u201edogaduje si\u0119\u201d z innymi kolorami z ko\u0142a barw.<\/p>\n\n\n\n<figure class=\"wp-block-embed is-type-video is-provider-youtube wp-block-embed-youtube wp-embed-aspect-16-9 wp-has-aspect-ratio\"><div class=\"wp-block-embed__wrapper\">\n<iframe loading=\"lazy\" title=\"Inside Dakota Johnson&#039;s Serene Hollywood Home | Open Door | Architectural Digest\" width=\"580\" height=\"326\" src=\"https:\/\/www.youtube.com\/embed\/AwhBTrzzqeg?feature=oembed\" frameborder=\"0\" allow=\"accelerometer; autoplay; clipboard-write; encrypted-media; gyroscope; picture-in-picture; web-share\" referrerpolicy=\"strict-origin-when-cross-origin\" allowfullscreen><\/iframe>\n<\/div><\/figure>\n\n\n\n<h2 class=\"wp-block-heading\" id=\"ciemnozielone-meble-kuchenne\">Ciemnozielone meble kuchenne<\/h2>\n\n\n\n<p>Kolejnym, nieco odwa\u017cniejszym odcieniem coraz cz\u0119\u015bciej spotykanym we wsp\u00f3\u0142czesnych kuchniach jest kolor szmaragdowy. Ten g\u0142\u0119boki, elegancki kolor przywodzi na my\u015bl kamie\u0144 szlachetny \u2013 w\u0142a\u015bnie od niego pochodzi nazwa tego odcienia. G\u0142\u0119boki szmaragd nadaje si\u0119 do r\u00f3\u017cnych styl\u00f3w \u2013 sprawdzi si\u0119 zar\u00f3wno w kuchniach retro, vintage, glamour i boho jak i w tych nowoczesnych i eklektycznych. Tak jak w przypadku odcienia sza\u0142wii \u2013 <strong>szmaragdowe szafki kuchenne<\/strong> b\u0119d\u0105 prezentowa\u0107 si\u0119 bardzo ekskluzywnie z blatem o marmurowym wzorze lub w po\u0142\u0105czeniu z ciemnym drewnem.<\/p>\n\n\n\n<p>Ta barwa zieleni wygl\u0105da bardzo efektownie zar\u00f3wno w wyko\u0144czeniu matowym jak i w po\u0142ysku. Nowoczesn\u0105 kuchni\u0119 o szmaragdowych szafkach bardzo \u0142adnie uzupe\u0142ni biel na \u015bcianach oraz geometryczne, czarno-bia\u0142e wzory.<\/p>\n\n\n\n<h2 class=\"wp-block-heading\" id=\"mietowe-meble-kuchenne-na-wymiar\">Mi\u0119towe meble kuchenne na wymiar<\/h2>\n\n\n\n<p>Mi\u0119ta nie jest ju\u017c zarezerwowana wy\u0142\u0105cznie dla stylu retro. Id\u017a na ca\u0142o\u015b\u0107 i wypr\u00f3buj mi\u0119tow\u0105 ziele\u0144 na wszystkich swoich szafkach kuchennych. <strong>Pastelowe kuchnie <\/strong>dzi\u0119ki swojej subtelno\u015bci i delikatno\u015bci sprzyjaj\u0105 rodzinnej atmosferze. Aby stworzy\u0107 nowoczesny wygl\u0105d, postaw na proste, g\u0142adkie fronty drzwi szafek. Kt\u00f3re blaty najlepiej podkre\u015bl\u0105 mi\u0119towe szafki? Jasne odcienie drewna oraz \u2013 ta jak w pozosta\u0142ych odcieniach zieleni \u2013 bia\u0142e, marmurowe wzory. Mi\u0119ta sprawdzi si\u0119 w aran\u017cacjach rustykalnych, nowoczesnych a nawet tych loftowych. Aby uzyska\u0107 efekt nowoczesnej, gustownej kuchni, po\u0142\u0105cz mi\u0119t\u0119 z kolorem granatowym, bia\u0142\u0105 p\u0142ytk\u0105, ciep\u0142ym drewnem lub czarnymi akcentami.<\/p>\n\n\n\n<h2 class=\"wp-block-heading\" id=\"gustownie-i-stylowo-czyli-meble-kuchenne-oliwkowe\">Gustownie i stylowo czyli meble kuchenne oliwkowe<\/h2>\n\n\n\n<p>Szafki kuchenne w kolorze oliwkowym to ponadczasowy i wyrafinowany wyb\u00f3r kolorystyczny. Uzupe\u0142niaj\u0105 ka\u017cd\u0105 palet\u0119, od tradycyjnej po nowoczesn\u0105, i mo\u017cna je \u0142\u0105czy\u0107 z niemal ka\u017cdym innym kolorem. Oliwkowa rodzina kolor\u00f3w jest \u0142agodna dla oczu i wykazano, \u017ce zmniejsza poziom stresu u niekt\u00f3rych os\u00f3b. <strong>Zielone meble kuchenne <\/strong>w odcieniu oliwkowym \u015bwietnie wsp\u00f3\u0142graj\u0105 z innymi neutralnymi barwami spotykanymi w naturze \u2013 biel\u0105, be\u017cem i br\u0105zem.<\/p>\n\n\n\n<figure class=\"wp-block-image size-full\"><img loading=\"lazy\" decoding=\"async\" width=\"768\" height=\"481\" src=\"https:\/\/www.zof-mar.com.pl\/blog\/wp-content\/uploads\/2022\/02\/zielone-szafki-kuchenne-na-wymiar.png\" alt=\"\" class=\"wp-image-280\" srcset=\"https:\/\/www.zof-mar.com.pl\/blog\/wp-content\/uploads\/2022\/02\/zielone-szafki-kuchenne-na-wymiar.png 768w, https:\/\/www.zof-mar.com.pl\/blog\/wp-content\/uploads\/2022\/02\/zielone-szafki-kuchenne-na-wymiar-300x188.png 300w\" sizes=\"auto, (max-width: 768px) 100vw, 768px\" \/><\/figure>\n\n\n\n<h2 class=\"wp-block-heading\" id=\"limonkowe-meble-kuchenne-propozycja-dla-odwaznych\">Limonkowe meble kuchenne &#8211; propozycja dla odwa\u017cnych<\/h2>\n\n\n\n<p>Odwa\u017cne, intensywne kolory, takie jak limonka i jab\u0142ko, wnosz\u0105 do kuchni energi\u0119. S\u0105 pe\u0142ne wyrazu, energiczne i podnosz\u0105ce na duchu. Natychmiast dodadz\u0105 Twojej kuchni charakteru. Limonkowa ziele\u0144 sprawdza si\u0119 w nowoczesnym stylu kuchni. Ten odcie\u0144 prezentuje si\u0119 pi\u0119knie w po\u0142\u0105czeniu ze z\u0142otem, miedzi\u0105, pastelowym r\u00f3\u017cem i odcieniami drewna \u2013 zar\u00f3wno jasnymi jak i ciemnymi.<\/p>\n\n\n\n<figure class=\"wp-block-image size-full\"><img loading=\"lazy\" decoding=\"async\" width=\"768\" height=\"481\" src=\"https:\/\/www.zof-mar.com.pl\/blog\/wp-content\/uploads\/2022\/02\/kuchnia-zielona-na-wymiar.png\" alt=\"\" class=\"wp-image-281\" srcset=\"https:\/\/www.zof-mar.com.pl\/blog\/wp-content\/uploads\/2022\/02\/kuchnia-zielona-na-wymiar.png 768w, https:\/\/www.zof-mar.com.pl\/blog\/wp-content\/uploads\/2022\/02\/kuchnia-zielona-na-wymiar-300x188.png 300w\" sizes=\"auto, (max-width: 768px) 100vw, 768px\" \/><\/figure>\n\n\n\n<h2 class=\"wp-block-heading\" id=\"z-jakimi-barwami-nalezy-laczyc-zielen\">Z jakimi barwami nale\u017cy \u0142\u0105czy\u0107 ziele\u0144?<\/h2>\n\n\n\n<p>Jakie kolory pasuj\u0105 do zielonej kuchni?<\/p>\n\n\n\n<p>Mosi\u0105dz &#8211; wygl\u0105da elegancko i szykownie obok zieleni i bieli,<\/p>\n\n\n\n<p>Z\u0142oto &#8211; dodaje blasku &#8211; zw\u0142aszcza w duecie ze szmaragdow\u0105 zieleni\u0105,<\/p>\n\n\n\n<p>Drewno \u2013 podkre\u015bla naturalno\u015b\u0107 i organiczno\u015b\u0107 zieleni,<\/p>\n\n\n\n<p>Biel \u2013 szczeg\u00f3lnie dla kontrastu z g\u0142\u0119bok\u0105 zieleni\u0105,<\/p>\n\n\n\n<p>Kremowe, neutralne odcienie \u2013 pomog\u0105 Ci uzyska\u0107 zr\u00f3wnowa\u017cony, przytulny wygl\u0105d,<\/p>\n\n\n\n<p>Czarny \u2013 pozwoli Ci na nieco bardziej dramatyczny, nowoczesny efekt,<\/p>\n\n\n\n<p>Delikatny r\u00f3\u017c &#8211; ten subtelny pastel wspaniale komponuje si\u0119 z szarawymi odcieniami zieleni.<\/p>\n\n\n\n<h2 class=\"wp-block-heading\" id=\"zielone-meble-kuchenne-na-wymiar\">Zielone meble kuchenne na wymiar<\/h2>\n\n\n\n<p>Kuchnia to niezwyk\u0142a przestrze\u0144, kt\u00f3ra cz\u0119sto stanowi najwa\u017cniejsze miejsce w ca\u0142ym domu. Zadbaj o to, by by\u0142a funkcjonalna i dopasowana do Twoich indywidualnych potrzeb. Jeste\u015bmy do\u015bwiadczonym wykonawc\u0105 mebli na wymiar. <a href=\"https:\/\/www.zof-mar.com.pl\/#contact\">Skontaktuj si\u0119 z nami<\/a> i spe\u0142nij marzenie o stylowej, zielonej kuchni!<\/p>\n","protected":false},"excerpt":{"rendered":"<p>Je\u015bli \u015bledzisz aktualne trendy wn\u0119trzarskie to z pewno\u015bci\u0105 natrafi\u0142e\u015b na niejedn\u0105 aran\u017cacj\u0119 z zielonymi szafkami kuchennymi. Ten przyjemny kolor w ostatnim sezonie znacznie zyska\u0142 na popularno\u015bci. To \u015bwietny koncept dla os\u00f3b nie toleruj\u0105cych nudy, kt\u00f3rym zale\u017cy na wyj\u0105tkowym, oryginalnym wn\u0119trzu. Zastanawiasz si\u0119, czy zielona kuchnia na wymiar sprawdzi si\u0119 w Twoim domu? Sprawd\u017a nasze inspiracje [&hellip;]<\/p>\n","protected":false},"author":1,"featured_media":276,"comment_status":"open","ping_status":"open","sticky":false,"template":"","format":"standard","meta":{"footnotes":""},"categories":[5,13],"tags":[49,51,50,48],"class_list":["post-274","post","type-post","status-publish","format-standard","has-post-thumbnail","hentry","category-meble-kuchenne","category-meble-na-wymiar","tag-zielona-kuchnia","tag-zielona-kuchnia-inspiracje","tag-zielone-meble-do-kuchni-na-wymiar","tag-zielone-meble-kuchenne"],"yoast_head":"<!-- This site is optimized with the Yoast SEO plugin v27.5 - https:\/\/yoast.com\/product\/yoast-seo-wordpress\/ -->\n<title>Zielone meble kuchenne na wymiar - Zof-Mar<\/title>\n<meta name=\"description\" content=\"Zielone meble kuchenne to hit tego sezonu. Przeczytaj nasz artyku\u0142 by wybra\u0107 idealny odcie\u0144 zieleni dla siebie. Zapraszamy do lektury!\" \/>\n<meta name=\"robots\" content=\"index, follow, max-snippet:-1, max-image-preview:large, max-video-preview:-1\" \/>\n<link rel=\"canonical\" href=\"https:\/\/www.zof-mar.com.pl\/blog\/2022\/02\/10\/zielone-meble-kuchenne-na-wymiar\/\" \/>\n<meta property=\"og:locale\" content=\"pl_PL\" \/>\n<meta property=\"og:type\" content=\"article\" \/>\n<meta property=\"og:title\" content=\"Zielone meble kuchenne na wymiar - Zof-Mar\" \/>\n<meta property=\"og:description\" content=\"Zielone meble kuchenne to hit tego sezonu. Przeczytaj nasz artyku\u0142 by wybra\u0107 idealny odcie\u0144 zieleni dla siebie. Zapraszamy do lektury!\" \/>\n<meta property=\"og:url\" content=\"https:\/\/www.zof-mar.com.pl\/blog\/2022\/02\/10\/zielone-meble-kuchenne-na-wymiar\/\" \/>\n<meta property=\"og:site_name\" content=\"Zof-Mar\" \/>\n<meta property=\"article:published_time\" content=\"2022-02-10T21:43:03+00:00\" \/>\n<meta property=\"article:modified_time\" content=\"2022-02-10T21:43:04+00:00\" \/>\n<meta property=\"og:image\" content=\"https:\/\/www.zof-mar.com.pl\/blog\/wp-content\/uploads\/2022\/02\/meble-kuchenne-zielone-Zof-Mar-1024x640.png\" \/>\n\t<meta property=\"og:image:width\" content=\"1024\" \/>\n\t<meta property=\"og:image:height\" content=\"640\" \/>\n\t<meta property=\"og:image:type\" content=\"image\/png\" \/>\n<meta name=\"author\" content=\"Zof-Mar\" \/>\n<meta name=\"twitter:card\" content=\"summary_large_image\" \/>\n<meta name=\"twitter:label1\" content=\"Napisane przez\" \/>\n\t<meta name=\"twitter:data1\" content=\"Zof-Mar\" \/>\n\t<meta name=\"twitter:label2\" content=\"Szacowany czas czytania\" \/>\n\t<meta name=\"twitter:data2\" content=\"6 minut\" \/>\n<script type=\"application\/ld+json\" class=\"yoast-schema-graph\">{\"@context\":\"https:\\\/\\\/schema.org\",\"@graph\":[{\"@type\":\"Article\",\"@id\":\"https:\\\/\\\/www.zof-mar.com.pl\\\/blog\\\/2022\\\/02\\\/10\\\/zielone-meble-kuchenne-na-wymiar\\\/#article\",\"isPartOf\":{\"@id\":\"https:\\\/\\\/www.zof-mar.com.pl\\\/blog\\\/2022\\\/02\\\/10\\\/zielone-meble-kuchenne-na-wymiar\\\/\"},\"author\":{\"name\":\"Zof-Mar\",\"@id\":\"https:\\\/\\\/www.zof-mar.com.pl\\\/blog\\\/#\\\/schema\\\/person\\\/fb9a4126e9c83eb7c4ff0de5a0c3cf66\"},\"headline\":\"Zielone meble kuchenne na wymiar\",\"datePublished\":\"2022-02-10T21:43:03+00:00\",\"dateModified\":\"2022-02-10T21:43:04+00:00\",\"mainEntityOfPage\":{\"@id\":\"https:\\\/\\\/www.zof-mar.com.pl\\\/blog\\\/2022\\\/02\\\/10\\\/zielone-meble-kuchenne-na-wymiar\\\/\"},\"wordCount\":908,\"commentCount\":0,\"image\":{\"@id\":\"https:\\\/\\\/www.zof-mar.com.pl\\\/blog\\\/2022\\\/02\\\/10\\\/zielone-meble-kuchenne-na-wymiar\\\/#primaryimage\"},\"thumbnailUrl\":\"https:\\\/\\\/www.zof-mar.com.pl\\\/blog\\\/wp-content\\\/uploads\\\/2022\\\/02\\\/meble-kuchenne-zielone-Zof-Mar.png\",\"keywords\":[\"zielona kuchnia\",\"zielona kuchnia inspiracje\",\"zielone meble do kuchni na wymiar\",\"zielone meble kuchenne\"],\"articleSection\":[\"Meble kuchenne\",\"Meble na wymiar\"],\"inLanguage\":\"pl-PL\",\"potentialAction\":[{\"@type\":\"CommentAction\",\"name\":\"Comment\",\"target\":[\"https:\\\/\\\/www.zof-mar.com.pl\\\/blog\\\/2022\\\/02\\\/10\\\/zielone-meble-kuchenne-na-wymiar\\\/#respond\"]}]},{\"@type\":\"WebPage\",\"@id\":\"https:\\\/\\\/www.zof-mar.com.pl\\\/blog\\\/2022\\\/02\\\/10\\\/zielone-meble-kuchenne-na-wymiar\\\/\",\"url\":\"https:\\\/\\\/www.zof-mar.com.pl\\\/blog\\\/2022\\\/02\\\/10\\\/zielone-meble-kuchenne-na-wymiar\\\/\",\"name\":\"Zielone meble kuchenne na wymiar - Zof-Mar\",\"isPartOf\":{\"@id\":\"https:\\\/\\\/www.zof-mar.com.pl\\\/blog\\\/#website\"},\"primaryImageOfPage\":{\"@id\":\"https:\\\/\\\/www.zof-mar.com.pl\\\/blog\\\/2022\\\/02\\\/10\\\/zielone-meble-kuchenne-na-wymiar\\\/#primaryimage\"},\"image\":{\"@id\":\"https:\\\/\\\/www.zof-mar.com.pl\\\/blog\\\/2022\\\/02\\\/10\\\/zielone-meble-kuchenne-na-wymiar\\\/#primaryimage\"},\"thumbnailUrl\":\"https:\\\/\\\/www.zof-mar.com.pl\\\/blog\\\/wp-content\\\/uploads\\\/2022\\\/02\\\/meble-kuchenne-zielone-Zof-Mar.png\",\"datePublished\":\"2022-02-10T21:43:03+00:00\",\"dateModified\":\"2022-02-10T21:43:04+00:00\",\"author\":{\"@id\":\"https:\\\/\\\/www.zof-mar.com.pl\\\/blog\\\/#\\\/schema\\\/person\\\/fb9a4126e9c83eb7c4ff0de5a0c3cf66\"},\"description\":\"Zielone meble kuchenne to hit tego sezonu. Przeczytaj nasz artyku\u0142 by wybra\u0107 idealny odcie\u0144 zieleni dla siebie. Zapraszamy do lektury!\",\"breadcrumb\":{\"@id\":\"https:\\\/\\\/www.zof-mar.com.pl\\\/blog\\\/2022\\\/02\\\/10\\\/zielone-meble-kuchenne-na-wymiar\\\/#breadcrumb\"},\"inLanguage\":\"pl-PL\",\"potentialAction\":[{\"@type\":\"ReadAction\",\"target\":[\"https:\\\/\\\/www.zof-mar.com.pl\\\/blog\\\/2022\\\/02\\\/10\\\/zielone-meble-kuchenne-na-wymiar\\\/\"]}]},{\"@type\":\"ImageObject\",\"inLanguage\":\"pl-PL\",\"@id\":\"https:\\\/\\\/www.zof-mar.com.pl\\\/blog\\\/2022\\\/02\\\/10\\\/zielone-meble-kuchenne-na-wymiar\\\/#primaryimage\",\"url\":\"https:\\\/\\\/www.zof-mar.com.pl\\\/blog\\\/wp-content\\\/uploads\\\/2022\\\/02\\\/meble-kuchenne-zielone-Zof-Mar.png\",\"contentUrl\":\"https:\\\/\\\/www.zof-mar.com.pl\\\/blog\\\/wp-content\\\/uploads\\\/2022\\\/02\\\/meble-kuchenne-zielone-Zof-Mar.png\",\"width\":1920,\"height\":1200,\"caption\":\"meble kuchenne zielone\"},{\"@type\":\"BreadcrumbList\",\"@id\":\"https:\\\/\\\/www.zof-mar.com.pl\\\/blog\\\/2022\\\/02\\\/10\\\/zielone-meble-kuchenne-na-wymiar\\\/#breadcrumb\",\"itemListElement\":[{\"@type\":\"ListItem\",\"position\":1,\"name\":\"Strona g\u0142\u00f3wna\",\"item\":\"https:\\\/\\\/www.zof-mar.com.pl\\\/blog\\\/\"},{\"@type\":\"ListItem\",\"position\":2,\"name\":\"Zielone meble kuchenne na wymiar\"}]},{\"@type\":\"WebSite\",\"@id\":\"https:\\\/\\\/www.zof-mar.com.pl\\\/blog\\\/#website\",\"url\":\"https:\\\/\\\/www.zof-mar.com.pl\\\/blog\\\/\",\"name\":\"Zof-Mar\",\"description\":\"Odkryj \u015bwiat mebli na wymiar\",\"potentialAction\":[{\"@type\":\"SearchAction\",\"target\":{\"@type\":\"EntryPoint\",\"urlTemplate\":\"https:\\\/\\\/www.zof-mar.com.pl\\\/blog\\\/?s={search_term_string}\"},\"query-input\":{\"@type\":\"PropertyValueSpecification\",\"valueRequired\":true,\"valueName\":\"search_term_string\"}}],\"inLanguage\":\"pl-PL\"},{\"@type\":\"Person\",\"@id\":\"https:\\\/\\\/www.zof-mar.com.pl\\\/blog\\\/#\\\/schema\\\/person\\\/fb9a4126e9c83eb7c4ff0de5a0c3cf66\",\"name\":\"Zof-Mar\",\"image\":{\"@type\":\"ImageObject\",\"inLanguage\":\"pl-PL\",\"@id\":\"https:\\\/\\\/secure.gravatar.com\\\/avatar\\\/a8613f0531a963f0a4e79327281e3e1c4ff830ce6fd5e110de1803ae097e9d24?s=96&d=mm&r=g\",\"url\":\"https:\\\/\\\/secure.gravatar.com\\\/avatar\\\/a8613f0531a963f0a4e79327281e3e1c4ff830ce6fd5e110de1803ae097e9d24?s=96&d=mm&r=g\",\"contentUrl\":\"https:\\\/\\\/secure.gravatar.com\\\/avatar\\\/a8613f0531a963f0a4e79327281e3e1c4ff830ce6fd5e110de1803ae097e9d24?s=96&d=mm&r=g\",\"caption\":\"Zof-Mar\"},\"sameAs\":[\"https:\\\/\\\/www.zof-mar.com.pl\\\/blog\"],\"url\":\"https:\\\/\\\/www.zof-mar.com.pl\\\/blog\\\/author\\\/zofmar\\\/\"}]}<\/script>\n<!-- \/ Yoast SEO plugin. -->","yoast_head_json":{"title":"Zielone meble kuchenne na wymiar - Zof-Mar","description":"Zielone meble kuchenne to hit tego sezonu. Przeczytaj nasz artyku\u0142 by wybra\u0107 idealny odcie\u0144 zieleni dla siebie. Zapraszamy do lektury!","robots":{"index":"index","follow":"follow","max-snippet":"max-snippet:-1","max-image-preview":"max-image-preview:large","max-video-preview":"max-video-preview:-1"},"canonical":"https:\/\/www.zof-mar.com.pl\/blog\/2022\/02\/10\/zielone-meble-kuchenne-na-wymiar\/","og_locale":"pl_PL","og_type":"article","og_title":"Zielone meble kuchenne na wymiar - Zof-Mar","og_description":"Zielone meble kuchenne to hit tego sezonu. Przeczytaj nasz artyku\u0142 by wybra\u0107 idealny odcie\u0144 zieleni dla siebie. Zapraszamy do lektury!","og_url":"https:\/\/www.zof-mar.com.pl\/blog\/2022\/02\/10\/zielone-meble-kuchenne-na-wymiar\/","og_site_name":"Zof-Mar","article_published_time":"2022-02-10T21:43:03+00:00","article_modified_time":"2022-02-10T21:43:04+00:00","og_image":[{"width":1024,"height":640,"url":"https:\/\/www.zof-mar.com.pl\/blog\/wp-content\/uploads\/2022\/02\/meble-kuchenne-zielone-Zof-Mar-1024x640.png","type":"image\/png"}],"author":"Zof-Mar","twitter_card":"summary_large_image","twitter_misc":{"Napisane przez":"Zof-Mar","Szacowany czas czytania":"6 minut"},"schema":{"@context":"https:\/\/schema.org","@graph":[{"@type":"Article","@id":"https:\/\/www.zof-mar.com.pl\/blog\/2022\/02\/10\/zielone-meble-kuchenne-na-wymiar\/#article","isPartOf":{"@id":"https:\/\/www.zof-mar.com.pl\/blog\/2022\/02\/10\/zielone-meble-kuchenne-na-wymiar\/"},"author":{"name":"Zof-Mar","@id":"https:\/\/www.zof-mar.com.pl\/blog\/#\/schema\/person\/fb9a4126e9c83eb7c4ff0de5a0c3cf66"},"headline":"Zielone meble kuchenne na wymiar","datePublished":"2022-02-10T21:43:03+00:00","dateModified":"2022-02-10T21:43:04+00:00","mainEntityOfPage":{"@id":"https:\/\/www.zof-mar.com.pl\/blog\/2022\/02\/10\/zielone-meble-kuchenne-na-wymiar\/"},"wordCount":908,"commentCount":0,"image":{"@id":"https:\/\/www.zof-mar.com.pl\/blog\/2022\/02\/10\/zielone-meble-kuchenne-na-wymiar\/#primaryimage"},"thumbnailUrl":"https:\/\/www.zof-mar.com.pl\/blog\/wp-content\/uploads\/2022\/02\/meble-kuchenne-zielone-Zof-Mar.png","keywords":["zielona kuchnia","zielona kuchnia inspiracje","zielone meble do kuchni na wymiar","zielone meble kuchenne"],"articleSection":["Meble kuchenne","Meble na wymiar"],"inLanguage":"pl-PL","potentialAction":[{"@type":"CommentAction","name":"Comment","target":["https:\/\/www.zof-mar.com.pl\/blog\/2022\/02\/10\/zielone-meble-kuchenne-na-wymiar\/#respond"]}]},{"@type":"WebPage","@id":"https:\/\/www.zof-mar.com.pl\/blog\/2022\/02\/10\/zielone-meble-kuchenne-na-wymiar\/","url":"https:\/\/www.zof-mar.com.pl\/blog\/2022\/02\/10\/zielone-meble-kuchenne-na-wymiar\/","name":"Zielone meble kuchenne na wymiar - Zof-Mar","isPartOf":{"@id":"https:\/\/www.zof-mar.com.pl\/blog\/#website"},"primaryImageOfPage":{"@id":"https:\/\/www.zof-mar.com.pl\/blog\/2022\/02\/10\/zielone-meble-kuchenne-na-wymiar\/#primaryimage"},"image":{"@id":"https:\/\/www.zof-mar.com.pl\/blog\/2022\/02\/10\/zielone-meble-kuchenne-na-wymiar\/#primaryimage"},"thumbnailUrl":"https:\/\/www.zof-mar.com.pl\/blog\/wp-content\/uploads\/2022\/02\/meble-kuchenne-zielone-Zof-Mar.png","datePublished":"2022-02-10T21:43:03+00:00","dateModified":"2022-02-10T21:43:04+00:00","author":{"@id":"https:\/\/www.zof-mar.com.pl\/blog\/#\/schema\/person\/fb9a4126e9c83eb7c4ff0de5a0c3cf66"},"description":"Zielone meble kuchenne to hit tego sezonu. Przeczytaj nasz artyku\u0142 by wybra\u0107 idealny odcie\u0144 zieleni dla siebie. Zapraszamy do lektury!","breadcrumb":{"@id":"https:\/\/www.zof-mar.com.pl\/blog\/2022\/02\/10\/zielone-meble-kuchenne-na-wymiar\/#breadcrumb"},"inLanguage":"pl-PL","potentialAction":[{"@type":"ReadAction","target":["https:\/\/www.zof-mar.com.pl\/blog\/2022\/02\/10\/zielone-meble-kuchenne-na-wymiar\/"]}]},{"@type":"ImageObject","inLanguage":"pl-PL","@id":"https:\/\/www.zof-mar.com.pl\/blog\/2022\/02\/10\/zielone-meble-kuchenne-na-wymiar\/#primaryimage","url":"https:\/\/www.zof-mar.com.pl\/blog\/wp-content\/uploads\/2022\/02\/meble-kuchenne-zielone-Zof-Mar.png","contentUrl":"https:\/\/www.zof-mar.com.pl\/blog\/wp-content\/uploads\/2022\/02\/meble-kuchenne-zielone-Zof-Mar.png","width":1920,"height":1200,"caption":"meble kuchenne zielone"},{"@type":"BreadcrumbList","@id":"https:\/\/www.zof-mar.com.pl\/blog\/2022\/02\/10\/zielone-meble-kuchenne-na-wymiar\/#breadcrumb","itemListElement":[{"@type":"ListItem","position":1,"name":"Strona g\u0142\u00f3wna","item":"https:\/\/www.zof-mar.com.pl\/blog\/"},{"@type":"ListItem","position":2,"name":"Zielone meble kuchenne na wymiar"}]},{"@type":"WebSite","@id":"https:\/\/www.zof-mar.com.pl\/blog\/#website","url":"https:\/\/www.zof-mar.com.pl\/blog\/","name":"Zof-Mar","description":"Odkryj \u015bwiat mebli na wymiar","potentialAction":[{"@type":"SearchAction","target":{"@type":"EntryPoint","urlTemplate":"https:\/\/www.zof-mar.com.pl\/blog\/?s={search_term_string}"},"query-input":{"@type":"PropertyValueSpecification","valueRequired":true,"valueName":"search_term_string"}}],"inLanguage":"pl-PL"},{"@type":"Person","@id":"https:\/\/www.zof-mar.com.pl\/blog\/#\/schema\/person\/fb9a4126e9c83eb7c4ff0de5a0c3cf66","name":"Zof-Mar","image":{"@type":"ImageObject","inLanguage":"pl-PL","@id":"https:\/\/secure.gravatar.com\/avatar\/a8613f0531a963f0a4e79327281e3e1c4ff830ce6fd5e110de1803ae097e9d24?s=96&d=mm&r=g","url":"https:\/\/secure.gravatar.com\/avatar\/a8613f0531a963f0a4e79327281e3e1c4ff830ce6fd5e110de1803ae097e9d24?s=96&d=mm&r=g","contentUrl":"https:\/\/secure.gravatar.com\/avatar\/a8613f0531a963f0a4e79327281e3e1c4ff830ce6fd5e110de1803ae097e9d24?s=96&d=mm&r=g","caption":"Zof-Mar"},"sameAs":["https:\/\/www.zof-mar.com.pl\/blog"],"url":"https:\/\/www.zof-mar.com.pl\/blog\/author\/zofmar\/"}]}},"_links":{"self":[{"href":"https:\/\/www.zof-mar.com.pl\/blog\/wp-json\/wp\/v2\/posts\/274","targetHints":{"allow":["GET"]}}],"collection":[{"href":"https:\/\/www.zof-mar.com.pl\/blog\/wp-json\/wp\/v2\/posts"}],"about":[{"href":"https:\/\/www.zof-mar.com.pl\/blog\/wp-json\/wp\/v2\/types\/post"}],"author":[{"embeddable":true,"href":"https:\/\/www.zof-mar.com.pl\/blog\/wp-json\/wp\/v2\/users\/1"}],"replies":[{"embeddable":true,"href":"https:\/\/www.zof-mar.com.pl\/blog\/wp-json\/wp\/v2\/comments?post=274"}],"version-history":[{"count":3,"href":"https:\/\/www.zof-mar.com.pl\/blog\/wp-json\/wp\/v2\/posts\/274\/revisions"}],"predecessor-version":[{"id":282,"href":"https:\/\/www.zof-mar.com.pl\/blog\/wp-json\/wp\/v2\/posts\/274\/revisions\/282"}],"wp:featuredmedia":[{"embeddable":true,"href":"https:\/\/www.zof-mar.com.pl\/blog\/wp-json\/wp\/v2\/media\/276"}],"wp:attachment":[{"href":"https:\/\/www.zof-mar.com.pl\/blog\/wp-json\/wp\/v2\/media?parent=274"}],"wp:term":[{"taxonomy":"category","embeddable":true,"href":"https:\/\/www.zof-mar.com.pl\/blog\/wp-json\/wp\/v2\/categories?post=274"},{"taxonomy":"post_tag","embeddable":true,"href":"https:\/\/www.zof-mar.com.pl\/blog\/wp-json\/wp\/v2\/tags?post=274"}],"curies":[{"name":"wp","href":"https:\/\/api.w.org\/{rel}","templated":true}]}}