{"id":354,"date":"2026-02-23T15:22:44","date_gmt":"2026-02-23T14:22:44","guid":{"rendered":"https:\/\/www.zof-mar.com.pl\/blog\/?p=354"},"modified":"2026-02-23T15:24:46","modified_gmt":"2026-02-23T14:24:46","slug":"meble-do-salonu-na-wymiar-jak-stworzyc-spojna-i-dopracowana-zabudowe-strefy-dziennej","status":"publish","type":"post","link":"https:\/\/www.zof-mar.com.pl\/blog\/2026\/02\/23\/meble-do-salonu-na-wymiar-jak-stworzyc-spojna-i-dopracowana-zabudowe-strefy-dziennej\/","title":{"rendered":"Meble do salonu na wymiar \u2013 jak stworzy\u0107 sp\u00f3jn\u0105 i dopracowan\u0105 zabudow\u0119 strefy dziennej?"},"content":{"rendered":"\n<p><strong>Salon pe\u0142ni dzi\u015b znacznie wi\u0119cej ni\u017c funkcj\u0119 reprezentacyjn\u0105. To przestrze\u0144 codziennego \u017cycia, odpoczynku, spotka\u0144 oraz pracy zdalnej, dlatego spos\u00f3b jego urz\u0105dzenia wymaga przemy\u015blanej koncepcji. Meble do salonu nie powinny by\u0107 przypadkowym zestawem bry\u0142 ustawionych pod \u015bcian\u0105, lecz elementem sp\u00f3jnej zabudowy, kt\u00f3ra porz\u0105dkuje przestrze\u0144 i podkre\u015bla charakter wn\u0119trza. W artykule pokazujemy, jak zaplanowa\u0107 uk\u0142ad strefy dziennej, w jaki spos\u00f3b dopasowa\u0107 stylistyk\u0119 do architektury pomieszczenia oraz dlaczego meble pokojowe na wymiar pozwalaj\u0105 osi\u0105gn\u0105\u0107 wy\u017cszy poziom dopracowania detali. Przygl\u0105damy si\u0119 r\u00f3wnie\u017c ergonomii, konstrukcji zabudowy \u015bciany oraz czynnikom wp\u0142ywaj\u0105cym na koszt realizacji. Dzi\u0119ki temu \u0142atwiej podejmiemy \u015bwiadom\u0105 decyzj\u0119 projektow\u0105. Je\u015bli zale\u017cy Ci na salonie, kt\u00f3ry \u0142\u0105czy wygod\u0119 z konsekwentn\u0105 estetyk\u0105, warto przeanalizowa\u0107 poni\u017csze wskaz\u00f3wki.<\/strong><\/p>\n\n\n\n<h2 class=\"wp-block-heading\">Od pomys\u0142u do uk\u0142adu \u2013 jakie meble do pokoju dziennego sprawdz\u0105 si\u0119 najlepiej?<\/h2>\n\n\n\n<p>Zastanawiaj\u0105c si\u0119, jakie meble do pokoju dziennego wybra\u0107, powinni\u015bmy rozpocz\u0105\u0107 od okre\u015blenia funkcji przestrzeni. Salon mo\u017ce pe\u0142ni\u0107 funkcj\u0119 typowo wypoczynkow\u0105, \u0142\u0105czy\u0107 si\u0119 z jadalni\u0105 lub stanowi\u0107 cz\u0119\u015b\u0107 otwartego aneksu kuchennego. Ka\u017cdy z tych wariant\u00f3w wymaga innego podej\u015bcia do planowania bry\u0142 oraz proporcji. <strong><a href=\"https:\/\/www.zof-mar.com.pl\/\">Meble pokojowe<\/a><\/strong> powinny tworzy\u0107 czytelny podzia\u0142 na stref\u0119 relaksu, przechowywania i multimedi\u00f3w, a jednocze\u015bnie nie zaburza\u0107 swobodnej komunikacji. Du\u017ce znaczenie ma skala \u2013 zbyt rozbudowana zabudowa przyt\u0142oczy niewielkie wn\u0119trze, natomiast zbyt drobne elementy w du\u017cym salonie sprawi\u0105 wra\u017cenie przypadkowych. Coraz cz\u0119\u015bciej inwestorzy wybieraj\u0105 <strong><a href=\"https:\/\/www.zof-mar.com.pl\/\">nowoczesne meble<\/a><\/strong>, o uproszczonej formie i wyra\u017anych liniach podzia\u0142u, poniewa\u017c \u0142atwiej wpisuj\u0105 si\u0119 w aktualne trendy oraz pozwalaj\u0105 zachowa\u0107 wizualny porz\u0105dek. Ju\u017c na etapie koncepcji warto okre\u015bli\u0107 punkt centralny \u2013 sof\u0119, telewizor albo kominek \u2013 i podporz\u0105dkowa\u0107 mu dalszy uk\u0142ad zabudowy.<\/p>\n\n\n\n<figure class=\"wp-block-image size-large\"><img loading=\"lazy\" decoding=\"async\" width=\"1024\" height=\"683\" src=\"https:\/\/www.zof-mar.com.pl\/blog\/wp-content\/uploads\/2026\/02\/francesca-tosolini-RP29Wz6mIOA-unsplash1-1024x683.jpg\" alt=\"Meble do salonu\" class=\"wp-image-356\" srcset=\"https:\/\/www.zof-mar.com.pl\/blog\/wp-content\/uploads\/2026\/02\/francesca-tosolini-RP29Wz6mIOA-unsplash1-1024x683.jpg 1024w, https:\/\/www.zof-mar.com.pl\/blog\/wp-content\/uploads\/2026\/02\/francesca-tosolini-RP29Wz6mIOA-unsplash1-300x200.jpg 300w, https:\/\/www.zof-mar.com.pl\/blog\/wp-content\/uploads\/2026\/02\/francesca-tosolini-RP29Wz6mIOA-unsplash1-768x512.jpg 768w, https:\/\/www.zof-mar.com.pl\/blog\/wp-content\/uploads\/2026\/02\/francesca-tosolini-RP29Wz6mIOA-unsplash1-1536x1024.jpg 1536w, https:\/\/www.zof-mar.com.pl\/blog\/wp-content\/uploads\/2026\/02\/francesca-tosolini-RP29Wz6mIOA-unsplash1-2048x1366.jpg 2048w, https:\/\/www.zof-mar.com.pl\/blog\/wp-content\/uploads\/2026\/02\/francesca-tosolini-RP29Wz6mIOA-unsplash1-1200x800.jpg 1200w, https:\/\/www.zof-mar.com.pl\/blog\/wp-content\/uploads\/2026\/02\/francesca-tosolini-RP29Wz6mIOA-unsplash1-1980x1320.jpg 1980w\" sizes=\"auto, (max-width: 1024px) 100vw, 1024px\" \/><\/figure>\n\n\n\n<h2 class=\"wp-block-heading\">Jak u\u0142o\u017cy\u0107 meble w pokoju i zaprojektowa\u0107 sp\u00f3jn\u0105 zabudow\u0119 \u015bciany?<\/h2>\n\n\n\n<p>Planuj\u0105c uk\u0142ad strefy dziennej, warto \u015bwiadomie podej\u015b\u0107 do tego, jak u\u0142o\u017cy\u0107 meble w pokoju, aby przestrze\u0144 by\u0142a wygodna w codziennym u\u017cytkowaniu i proporcjonalna wizualnie. Odleg\u0142o\u015b\u0107 kanapy od telewizora powinna zapewnia\u0107 komfort ogl\u0105dania, a przej\u015bcia mi\u0119dzy bry\u0142ami musz\u0105 umo\u017cliwia\u0107 swobodne przemieszczanie si\u0119. Nale\u017cy unika\u0107 ustawiania ka\u017cdego elementu przy innej \u015bcianie bez wsp\u00f3lnej osi kompozycyjnej. Sp\u00f3jno\u015b\u0107 uzyskujemy wtedy, gdy zabudowa tworzy jednolit\u0105 lini\u0119 i porz\u0105dkuje przestrze\u0144.<\/p>\n\n\n\n<h3 class=\"wp-block-heading\">Elementy dopracowanej zabudowy dziennej<\/h3>\n\n\n\n<p>Dobrze zaprojektowana zabudowa \u015bciany powinna \u0142\u0105czy\u0107 estetyk\u0119 z przemy\u015blan\u0105 funkcj\u0105 u\u017cytkow\u0105. To w\u0142a\u015bnie ona najcz\u0119\u015bciej definiuje charakter ca\u0142ej strefy dziennej i sprawia, \u017ce nowoczesne meble w salonie tworz\u0105 uporz\u0105dkowan\u0105 kompozycj\u0119 zamiast zbioru przypadkowych element\u00f3w.<\/p>\n\n\n\n<p>W praktyce sprawdzaj\u0105 si\u0119 rozwi\u0105zania takie jak:<\/p>\n\n\n\n<ul class=\"wp-block-list\">\n<li>meble RTV do salonu z ukrytym prowadzeniem przewod\u00f3w,<\/li>\n\n\n\n<li>zamkni\u0119te szafki i szuflady ograniczaj\u0105ce widoczno\u015b\u0107 przedmiot\u00f3w codziennego u\u017cytku,<\/li>\n\n\n\n<li>otwarte p\u00f3\u0142ki przeznaczone na ksi\u0105\u017cki i dekoracje,<\/li>\n\n\n\n<li>zabudowa pod sufit, eliminuj\u0105ca trudn\u0105 do zagospodarowania przestrze\u0144 nad meblami.<\/li>\n<\/ul>\n\n\n\n<p>Coraz cz\u0119\u015bciej inwestorzy decyduj\u0105 si\u0119 na systemy, kt\u00f3re mo\u017cna elastycznie rozbudowywa\u0107 wraz ze zmieniaj\u0105cymi si\u0119 potrzebami domownik\u00f3w. W tym kontek\u015bcie dobrze sprawdzaj\u0105 si\u0119 meble modu\u0142owe do salonu, pozwalaj\u0105ce zachowa\u0107 jednolit\u0105 lini\u0119 zabudowy przy jednoczesnej mo\u017cliwo\u015bci modyfikacji uk\u0142adu. Tak zaprojektowana \u015bciana integruje stref\u0119 multimedialn\u0105 z przechowywaniem, a jednocze\u015bnie nie przyt\u0142acza wn\u0119trza nadmiarem podzia\u0142\u00f3w.<\/p>\n\n\n\n<figure class=\"wp-block-image size-large\"><img loading=\"lazy\" decoding=\"async\" width=\"1024\" height=\"768\" src=\"https:\/\/www.zof-mar.com.pl\/blog\/wp-content\/uploads\/2026\/02\/collov-home-design-5a7URgkummE-unsplash1-1024x768.jpg\" alt=\"Meble do salonu\" class=\"wp-image-357\" srcset=\"https:\/\/www.zof-mar.com.pl\/blog\/wp-content\/uploads\/2026\/02\/collov-home-design-5a7URgkummE-unsplash1-1024x768.jpg 1024w, https:\/\/www.zof-mar.com.pl\/blog\/wp-content\/uploads\/2026\/02\/collov-home-design-5a7URgkummE-unsplash1-300x225.jpg 300w, https:\/\/www.zof-mar.com.pl\/blog\/wp-content\/uploads\/2026\/02\/collov-home-design-5a7URgkummE-unsplash1-768x576.jpg 768w, https:\/\/www.zof-mar.com.pl\/blog\/wp-content\/uploads\/2026\/02\/collov-home-design-5a7URgkummE-unsplash1-1536x1152.jpg 1536w, https:\/\/www.zof-mar.com.pl\/blog\/wp-content\/uploads\/2026\/02\/collov-home-design-5a7URgkummE-unsplash1-2048x1536.jpg 2048w, https:\/\/www.zof-mar.com.pl\/blog\/wp-content\/uploads\/2026\/02\/collov-home-design-5a7URgkummE-unsplash1-1200x900.jpg 1200w, https:\/\/www.zof-mar.com.pl\/blog\/wp-content\/uploads\/2026\/02\/collov-home-design-5a7URgkummE-unsplash1-1980x1485.jpg 1980w\" sizes=\"auto, (max-width: 1024px) 100vw, 1024px\" \/><\/figure>\n\n\n\n<h2 class=\"wp-block-heading\">Styl i charakter \u2013 loft, klasyka czy minimalizm?<\/h2>\n\n\n\n<p>Wyb\u00f3r stylistyki powinien wynika\u0107 z architektury wn\u0119trza oraz oczekiwa\u0144 domownik\u00f3w. Meble loftowe do salonu bazuj\u0105 na po\u0142\u0105czeniu naturalnego drewna z metalem, cz\u0119sto eksponuj\u0105 konstrukcj\u0119 i wprowadzaj\u0105 wyrazisty rysunek materia\u0142u. Tego typu rozwi\u0105zania dobrze komponuj\u0105 si\u0119 z surow\u0105 ceg\u0142\u0105, betonem architektonicznym oraz du\u017cymi przeszkleniami. Z kolei klasyczne meble do salonu opieraj\u0105 si\u0119 na symetrii, frezowanych frontach oraz spokojnej kolorystyce, tworz\u0105c wra\u017cenie elegancji i ponadczasowo\u015bci. Minimalizm natomiast koncentruje si\u0119 na g\u0142adkich powierzchniach oraz ograniczonej liczbie podzia\u0142\u00f3w, co sprzyja wizualnemu uporz\u0105dkowaniu przestrzeni. Niezale\u017cnie od kierunku stylistycznego warto zachowa\u0107 konsekwencj\u0119 materia\u0142ow\u0105 i kolorystyczn\u0105, aby wszystkie elementy zabudowy tworzy\u0142y jednolit\u0105 ca\u0142o\u015b\u0107.<\/p>\n\n\n\n<h2 class=\"wp-block-heading\">Ile kosztuj\u0105 meble pokojowe i czy warto inwestowa\u0107 w projekt na wymiar?<\/h2>\n\n\n\n<p>Koszt zabudowy salonu to jeden z pierwszych temat\u00f3w analizowanych podczas planowania realizacji. W praktyce inwestorzy chc\u0105 wiedzie\u0107, ile kosztuj\u0105 meble pokojowe, zanim zdecyduj\u0105 si\u0119 na okre\u015blony zakres projektu.<\/p>\n\n\n\n<p>Na ostateczn\u0105 cen\u0119 wp\u0142ywaj\u0105 przede wszystkim:<\/p>\n\n\n\n<ul class=\"wp-block-list\">\n<li>rodzaj materia\u0142u i spos\u00f3b wyko\u0144czenia,<\/li>\n\n\n\n<li>jako\u015b\u0107 zawias\u00f3w oraz prowadnic,<\/li>\n\n\n\n<li>stopie\u0144 personalizacji projektu,<\/li>\n\n\n\n<li>zakres monta\u017cu i transportu,<\/li>\n\n\n\n<li>integracja o\u015bwietlenia oraz system\u00f3w bezuchwytowych.<\/li>\n<\/ul>\n\n\n\n<p>Im wy\u017csza jako\u015b\u0107 komponent\u00f3w i wi\u0119ksza precyzja wykonania, tym wy\u017cszy koszt realizacji. Warto jednak spojrze\u0107 na t\u0119 inwestycj\u0119 w d\u0142u\u017cszej perspektywie. <strong><a href=\"https:\/\/www.zof-mar.com.pl\/\">Meble pokojowe na wymiar<\/a><\/strong> umo\u017cliwiaj\u0105 pe\u0142ne wykorzystanie wysoko\u015bci i szeroko\u015bci pomieszczenia, eliminuj\u0105 nieestetyczne szczeliny oraz pozwalaj\u0105 dopasowa\u0107 wn\u0119trze szafek do realnych potrzeb u\u017cytkownik\u00f3w. Gotowe zestawy cz\u0119sto wymagaj\u0105 kompromis\u00f3w wymiarowych, co odbija si\u0119 na wygodzie u\u017cytkowania i sp\u00f3jno\u015bci ca\u0142ej aran\u017cacji. Projekt dopasowany do konkretnej przestrzeni daje wi\u0119ksz\u0105 trwa\u0142o\u015b\u0107 oraz sp\u00f3jno\u015b\u0107 ca\u0142ej aran\u017cacji.<\/p>\n\n\n\n<p>Sp\u00f3jna zabudowa salonu to rezultat \u015bwiadomego planowania, a nie przypadkowego doboru element\u00f3w. Odpowiedni uk\u0142ad bry\u0142, konsekwencja stylistyczna i dopracowane detale techniczne decyduj\u0105 o komforcie codziennego u\u017cytkowania. Dobrze zaprojektowana \u015bciana spaja stref\u0119 przechowywania, modu\u0142 RTV i przestrze\u0144 ekspozycyjn\u0105 w uporz\u0105dkowan\u0105 ca\u0142o\u015b\u0107. Inwestycja w rozwi\u0105zania dopasowane do wymiar\u00f3w wn\u0119trza przek\u0142ada si\u0119 na trwa\u0142o\u015b\u0107 oraz estetyczn\u0105 sp\u00f3jno\u015b\u0107 przestrzeni. Salon staje si\u0119 wtedy miejscem, kt\u00f3re nie tylko dobrze wygl\u0105da, lecz przede wszystkim odpowiada na realne potrzeby domownik\u00f3w.<\/p>\n\n\n\n<p><em>Je\u017celi planujesz now\u0105 zabudow\u0119 strefy dziennej, zapraszamy do kontaktu z zespo\u0142em Zof-Mar. Projektujemy i wykonujemy meble na wymiar, dbaj\u0105c o precyzj\u0119 wykonania, dopasowanie do przestrzeni oraz harmonijny charakter ca\u0142ego wn\u0119trza. Wsp\u00f3lnie stworzymy salon, kt\u00f3ry b\u0119dzie praktyczny i dopracowany w ka\u017cdym detalu.<\/em><\/p>\n","protected":false},"excerpt":{"rendered":"<p>Salon pe\u0142ni dzi\u015b znacznie wi\u0119cej ni\u017c funkcj\u0119 reprezentacyjn\u0105. To przestrze\u0144 codziennego \u017cycia, odpoczynku, spotka\u0144 oraz pracy zdalnej, dlatego spos\u00f3b jego urz\u0105dzenia wymaga przemy\u015blanej koncepcji. Meble do salonu nie powinny by\u0107 przypadkowym zestawem bry\u0142 ustawionych pod \u015bcian\u0105, lecz elementem sp\u00f3jnej zabudowy, kt\u00f3ra porz\u0105dkuje przestrze\u0144 i podkre\u015bla charakter wn\u0119trza. W artykule pokazujemy, jak zaplanowa\u0107 uk\u0142ad strefy dziennej, [&hellip;]<\/p>\n","protected":false},"author":1,"featured_media":360,"comment_status":"open","ping_status":"open","sticky":false,"template":"","format":"standard","meta":{"footnotes":""},"categories":[1],"tags":[],"class_list":["post-354","post","type-post","status-publish","format-standard","has-post-thumbnail","hentry","category-szafy"],"yoast_head":"<!-- This site is optimized with the Yoast SEO plugin v27.5 - https:\/\/yoast.com\/product\/yoast-seo-wordpress\/ -->\n<title>Meble do salonu na wymiar - sp\u00f3jna zabudowa strefy dziennej - Zof-Mar Artur Dembny<\/title>\n<meta name=\"description\" content=\"Sprawd\u017a, jak zaprojektowa\u0107 sp\u00f3jn\u0105 zabudow\u0119 salonu na wymiar. Podpowiadamy, jak dobra\u0107 styl i uk\u0142ad mebli. Przeczytaj artyku\u0142 i zaplanuj funkcjonaln\u0105 stref\u0119 dzienn\u0105.\" \/>\n<meta name=\"robots\" content=\"index, follow, max-snippet:-1, max-image-preview:large, max-video-preview:-1\" \/>\n<link rel=\"canonical\" href=\"https:\/\/www.zof-mar.com.pl\/blog\/2026\/02\/23\/meble-do-salonu-na-wymiar-jak-stworzyc-spojna-i-dopracowana-zabudowe-strefy-dziennej\/\" \/>\n<meta property=\"og:locale\" content=\"pl_PL\" \/>\n<meta property=\"og:type\" content=\"article\" \/>\n<meta property=\"og:title\" content=\"Meble do salonu na wymiar - sp\u00f3jna zabudowa strefy dziennej - Zof-Mar Artur Dembny\" \/>\n<meta property=\"og:description\" content=\"Sprawd\u017a, jak zaprojektowa\u0107 sp\u00f3jn\u0105 zabudow\u0119 salonu na wymiar. Podpowiadamy, jak dobra\u0107 styl i uk\u0142ad mebli. Przeczytaj artyku\u0142 i zaplanuj funkcjonaln\u0105 stref\u0119 dzienn\u0105.\" \/>\n<meta property=\"og:url\" content=\"https:\/\/www.zof-mar.com.pl\/blog\/2026\/02\/23\/meble-do-salonu-na-wymiar-jak-stworzyc-spojna-i-dopracowana-zabudowe-strefy-dziennej\/\" \/>\n<meta property=\"og:site_name\" content=\"Zof-Mar\" \/>\n<meta property=\"article:published_time\" content=\"2026-02-23T14:22:44+00:00\" \/>\n<meta property=\"article:modified_time\" content=\"2026-02-23T14:24:46+00:00\" \/>\n<meta property=\"og:image\" content=\"https:\/\/www.zof-mar.com.pl\/blog\/wp-content\/uploads\/2026\/02\/francesca-tosolini-DmOhItSo49k-unsplash2-scaled.jpg\" \/>\n\t<meta property=\"og:image:width\" content=\"2560\" \/>\n\t<meta property=\"og:image:height\" content=\"1707\" \/>\n\t<meta property=\"og:image:type\" content=\"image\/jpeg\" \/>\n<meta name=\"author\" content=\"Zof-Mar\" \/>\n<meta name=\"twitter:card\" content=\"summary_large_image\" \/>\n<meta name=\"twitter:label1\" content=\"Napisane przez\" \/>\n\t<meta name=\"twitter:data1\" content=\"Zof-Mar\" \/>\n\t<meta name=\"twitter:label2\" content=\"Szacowany czas czytania\" \/>\n\t<meta name=\"twitter:data2\" content=\"6 minut\" \/>\n<script type=\"application\/ld+json\" class=\"yoast-schema-graph\">{\"@context\":\"https:\\\/\\\/schema.org\",\"@graph\":[{\"@type\":\"Article\",\"@id\":\"https:\\\/\\\/www.zof-mar.com.pl\\\/blog\\\/2026\\\/02\\\/23\\\/meble-do-salonu-na-wymiar-jak-stworzyc-spojna-i-dopracowana-zabudowe-strefy-dziennej\\\/#article\",\"isPartOf\":{\"@id\":\"https:\\\/\\\/www.zof-mar.com.pl\\\/blog\\\/2026\\\/02\\\/23\\\/meble-do-salonu-na-wymiar-jak-stworzyc-spojna-i-dopracowana-zabudowe-strefy-dziennej\\\/\"},\"author\":{\"name\":\"Zof-Mar\",\"@id\":\"https:\\\/\\\/www.zof-mar.com.pl\\\/blog\\\/#\\\/schema\\\/person\\\/fb9a4126e9c83eb7c4ff0de5a0c3cf66\"},\"headline\":\"Meble do salonu na wymiar \u2013 jak stworzy\u0107 sp\u00f3jn\u0105 i dopracowan\u0105 zabudow\u0119 strefy dziennej?\",\"datePublished\":\"2026-02-23T14:22:44+00:00\",\"dateModified\":\"2026-02-23T14:24:46+00:00\",\"mainEntityOfPage\":{\"@id\":\"https:\\\/\\\/www.zof-mar.com.pl\\\/blog\\\/2026\\\/02\\\/23\\\/meble-do-salonu-na-wymiar-jak-stworzyc-spojna-i-dopracowana-zabudowe-strefy-dziennej\\\/\"},\"wordCount\":997,\"commentCount\":0,\"image\":{\"@id\":\"https:\\\/\\\/www.zof-mar.com.pl\\\/blog\\\/2026\\\/02\\\/23\\\/meble-do-salonu-na-wymiar-jak-stworzyc-spojna-i-dopracowana-zabudowe-strefy-dziennej\\\/#primaryimage\"},\"thumbnailUrl\":\"https:\\\/\\\/www.zof-mar.com.pl\\\/blog\\\/wp-content\\\/uploads\\\/2026\\\/02\\\/francesca-tosolini-DmOhItSo49k-unsplash2-scaled.jpg\",\"articleSection\":[\"Szafy\"],\"inLanguage\":\"pl-PL\",\"potentialAction\":[{\"@type\":\"CommentAction\",\"name\":\"Comment\",\"target\":[\"https:\\\/\\\/www.zof-mar.com.pl\\\/blog\\\/2026\\\/02\\\/23\\\/meble-do-salonu-na-wymiar-jak-stworzyc-spojna-i-dopracowana-zabudowe-strefy-dziennej\\\/#respond\"]}]},{\"@type\":\"WebPage\",\"@id\":\"https:\\\/\\\/www.zof-mar.com.pl\\\/blog\\\/2026\\\/02\\\/23\\\/meble-do-salonu-na-wymiar-jak-stworzyc-spojna-i-dopracowana-zabudowe-strefy-dziennej\\\/\",\"url\":\"https:\\\/\\\/www.zof-mar.com.pl\\\/blog\\\/2026\\\/02\\\/23\\\/meble-do-salonu-na-wymiar-jak-stworzyc-spojna-i-dopracowana-zabudowe-strefy-dziennej\\\/\",\"name\":\"Meble do salonu na wymiar - sp\u00f3jna zabudowa strefy dziennej - Zof-Mar Artur Dembny\",\"isPartOf\":{\"@id\":\"https:\\\/\\\/www.zof-mar.com.pl\\\/blog\\\/#website\"},\"primaryImageOfPage\":{\"@id\":\"https:\\\/\\\/www.zof-mar.com.pl\\\/blog\\\/2026\\\/02\\\/23\\\/meble-do-salonu-na-wymiar-jak-stworzyc-spojna-i-dopracowana-zabudowe-strefy-dziennej\\\/#primaryimage\"},\"image\":{\"@id\":\"https:\\\/\\\/www.zof-mar.com.pl\\\/blog\\\/2026\\\/02\\\/23\\\/meble-do-salonu-na-wymiar-jak-stworzyc-spojna-i-dopracowana-zabudowe-strefy-dziennej\\\/#primaryimage\"},\"thumbnailUrl\":\"https:\\\/\\\/www.zof-mar.com.pl\\\/blog\\\/wp-content\\\/uploads\\\/2026\\\/02\\\/francesca-tosolini-DmOhItSo49k-unsplash2-scaled.jpg\",\"datePublished\":\"2026-02-23T14:22:44+00:00\",\"dateModified\":\"2026-02-23T14:24:46+00:00\",\"author\":{\"@id\":\"https:\\\/\\\/www.zof-mar.com.pl\\\/blog\\\/#\\\/schema\\\/person\\\/fb9a4126e9c83eb7c4ff0de5a0c3cf66\"},\"description\":\"Sprawd\u017a, jak zaprojektowa\u0107 sp\u00f3jn\u0105 zabudow\u0119 salonu na wymiar. Podpowiadamy, jak dobra\u0107 styl i uk\u0142ad mebli. Przeczytaj artyku\u0142 i zaplanuj funkcjonaln\u0105 stref\u0119 dzienn\u0105.\",\"breadcrumb\":{\"@id\":\"https:\\\/\\\/www.zof-mar.com.pl\\\/blog\\\/2026\\\/02\\\/23\\\/meble-do-salonu-na-wymiar-jak-stworzyc-spojna-i-dopracowana-zabudowe-strefy-dziennej\\\/#breadcrumb\"},\"inLanguage\":\"pl-PL\",\"potentialAction\":[{\"@type\":\"ReadAction\",\"target\":[\"https:\\\/\\\/www.zof-mar.com.pl\\\/blog\\\/2026\\\/02\\\/23\\\/meble-do-salonu-na-wymiar-jak-stworzyc-spojna-i-dopracowana-zabudowe-strefy-dziennej\\\/\"]}]},{\"@type\":\"ImageObject\",\"inLanguage\":\"pl-PL\",\"@id\":\"https:\\\/\\\/www.zof-mar.com.pl\\\/blog\\\/2026\\\/02\\\/23\\\/meble-do-salonu-na-wymiar-jak-stworzyc-spojna-i-dopracowana-zabudowe-strefy-dziennej\\\/#primaryimage\",\"url\":\"https:\\\/\\\/www.zof-mar.com.pl\\\/blog\\\/wp-content\\\/uploads\\\/2026\\\/02\\\/francesca-tosolini-DmOhItSo49k-unsplash2-scaled.jpg\",\"contentUrl\":\"https:\\\/\\\/www.zof-mar.com.pl\\\/blog\\\/wp-content\\\/uploads\\\/2026\\\/02\\\/francesca-tosolini-DmOhItSo49k-unsplash2-scaled.jpg\",\"width\":2560,\"height\":1707,\"caption\":\"Meble do salonu\"},{\"@type\":\"BreadcrumbList\",\"@id\":\"https:\\\/\\\/www.zof-mar.com.pl\\\/blog\\\/2026\\\/02\\\/23\\\/meble-do-salonu-na-wymiar-jak-stworzyc-spojna-i-dopracowana-zabudowe-strefy-dziennej\\\/#breadcrumb\",\"itemListElement\":[{\"@type\":\"ListItem\",\"position\":1,\"name\":\"Strona g\u0142\u00f3wna\",\"item\":\"https:\\\/\\\/www.zof-mar.com.pl\\\/blog\\\/\"},{\"@type\":\"ListItem\",\"position\":2,\"name\":\"Meble do salonu na wymiar \u2013 jak stworzy\u0107 sp\u00f3jn\u0105 i dopracowan\u0105 zabudow\u0119 strefy dziennej?\"}]},{\"@type\":\"WebSite\",\"@id\":\"https:\\\/\\\/www.zof-mar.com.pl\\\/blog\\\/#website\",\"url\":\"https:\\\/\\\/www.zof-mar.com.pl\\\/blog\\\/\",\"name\":\"Zof-Mar\",\"description\":\"Odkryj \u015bwiat mebli na wymiar\",\"potentialAction\":[{\"@type\":\"SearchAction\",\"target\":{\"@type\":\"EntryPoint\",\"urlTemplate\":\"https:\\\/\\\/www.zof-mar.com.pl\\\/blog\\\/?s={search_term_string}\"},\"query-input\":{\"@type\":\"PropertyValueSpecification\",\"valueRequired\":true,\"valueName\":\"search_term_string\"}}],\"inLanguage\":\"pl-PL\"},{\"@type\":\"Person\",\"@id\":\"https:\\\/\\\/www.zof-mar.com.pl\\\/blog\\\/#\\\/schema\\\/person\\\/fb9a4126e9c83eb7c4ff0de5a0c3cf66\",\"name\":\"Zof-Mar\",\"image\":{\"@type\":\"ImageObject\",\"inLanguage\":\"pl-PL\",\"@id\":\"https:\\\/\\\/secure.gravatar.com\\\/avatar\\\/a8613f0531a963f0a4e79327281e3e1c4ff830ce6fd5e110de1803ae097e9d24?s=96&d=mm&r=g\",\"url\":\"https:\\\/\\\/secure.gravatar.com\\\/avatar\\\/a8613f0531a963f0a4e79327281e3e1c4ff830ce6fd5e110de1803ae097e9d24?s=96&d=mm&r=g\",\"contentUrl\":\"https:\\\/\\\/secure.gravatar.com\\\/avatar\\\/a8613f0531a963f0a4e79327281e3e1c4ff830ce6fd5e110de1803ae097e9d24?s=96&d=mm&r=g\",\"caption\":\"Zof-Mar\"},\"sameAs\":[\"https:\\\/\\\/www.zof-mar.com.pl\\\/blog\"],\"url\":\"https:\\\/\\\/www.zof-mar.com.pl\\\/blog\\\/author\\\/zofmar\\\/\"}]}<\/script>\n<!-- \/ Yoast SEO plugin. -->","yoast_head_json":{"title":"Meble do salonu na wymiar - sp\u00f3jna zabudowa strefy dziennej - Zof-Mar Artur Dembny","description":"Sprawd\u017a, jak zaprojektowa\u0107 sp\u00f3jn\u0105 zabudow\u0119 salonu na wymiar. Podpowiadamy, jak dobra\u0107 styl i uk\u0142ad mebli. Przeczytaj artyku\u0142 i zaplanuj funkcjonaln\u0105 stref\u0119 dzienn\u0105.","robots":{"index":"index","follow":"follow","max-snippet":"max-snippet:-1","max-image-preview":"max-image-preview:large","max-video-preview":"max-video-preview:-1"},"canonical":"https:\/\/www.zof-mar.com.pl\/blog\/2026\/02\/23\/meble-do-salonu-na-wymiar-jak-stworzyc-spojna-i-dopracowana-zabudowe-strefy-dziennej\/","og_locale":"pl_PL","og_type":"article","og_title":"Meble do salonu na wymiar - sp\u00f3jna zabudowa strefy dziennej - Zof-Mar Artur Dembny","og_description":"Sprawd\u017a, jak zaprojektowa\u0107 sp\u00f3jn\u0105 zabudow\u0119 salonu na wymiar. Podpowiadamy, jak dobra\u0107 styl i uk\u0142ad mebli. Przeczytaj artyku\u0142 i zaplanuj funkcjonaln\u0105 stref\u0119 dzienn\u0105.","og_url":"https:\/\/www.zof-mar.com.pl\/blog\/2026\/02\/23\/meble-do-salonu-na-wymiar-jak-stworzyc-spojna-i-dopracowana-zabudowe-strefy-dziennej\/","og_site_name":"Zof-Mar","article_published_time":"2026-02-23T14:22:44+00:00","article_modified_time":"2026-02-23T14:24:46+00:00","og_image":[{"width":2560,"height":1707,"url":"https:\/\/www.zof-mar.com.pl\/blog\/wp-content\/uploads\/2026\/02\/francesca-tosolini-DmOhItSo49k-unsplash2-scaled.jpg","type":"image\/jpeg"}],"author":"Zof-Mar","twitter_card":"summary_large_image","twitter_misc":{"Napisane przez":"Zof-Mar","Szacowany czas czytania":"6 minut"},"schema":{"@context":"https:\/\/schema.org","@graph":[{"@type":"Article","@id":"https:\/\/www.zof-mar.com.pl\/blog\/2026\/02\/23\/meble-do-salonu-na-wymiar-jak-stworzyc-spojna-i-dopracowana-zabudowe-strefy-dziennej\/#article","isPartOf":{"@id":"https:\/\/www.zof-mar.com.pl\/blog\/2026\/02\/23\/meble-do-salonu-na-wymiar-jak-stworzyc-spojna-i-dopracowana-zabudowe-strefy-dziennej\/"},"author":{"name":"Zof-Mar","@id":"https:\/\/www.zof-mar.com.pl\/blog\/#\/schema\/person\/fb9a4126e9c83eb7c4ff0de5a0c3cf66"},"headline":"Meble do salonu na wymiar \u2013 jak stworzy\u0107 sp\u00f3jn\u0105 i dopracowan\u0105 zabudow\u0119 strefy dziennej?","datePublished":"2026-02-23T14:22:44+00:00","dateModified":"2026-02-23T14:24:46+00:00","mainEntityOfPage":{"@id":"https:\/\/www.zof-mar.com.pl\/blog\/2026\/02\/23\/meble-do-salonu-na-wymiar-jak-stworzyc-spojna-i-dopracowana-zabudowe-strefy-dziennej\/"},"wordCount":997,"commentCount":0,"image":{"@id":"https:\/\/www.zof-mar.com.pl\/blog\/2026\/02\/23\/meble-do-salonu-na-wymiar-jak-stworzyc-spojna-i-dopracowana-zabudowe-strefy-dziennej\/#primaryimage"},"thumbnailUrl":"https:\/\/www.zof-mar.com.pl\/blog\/wp-content\/uploads\/2026\/02\/francesca-tosolini-DmOhItSo49k-unsplash2-scaled.jpg","articleSection":["Szafy"],"inLanguage":"pl-PL","potentialAction":[{"@type":"CommentAction","name":"Comment","target":["https:\/\/www.zof-mar.com.pl\/blog\/2026\/02\/23\/meble-do-salonu-na-wymiar-jak-stworzyc-spojna-i-dopracowana-zabudowe-strefy-dziennej\/#respond"]}]},{"@type":"WebPage","@id":"https:\/\/www.zof-mar.com.pl\/blog\/2026\/02\/23\/meble-do-salonu-na-wymiar-jak-stworzyc-spojna-i-dopracowana-zabudowe-strefy-dziennej\/","url":"https:\/\/www.zof-mar.com.pl\/blog\/2026\/02\/23\/meble-do-salonu-na-wymiar-jak-stworzyc-spojna-i-dopracowana-zabudowe-strefy-dziennej\/","name":"Meble do salonu na wymiar - sp\u00f3jna zabudowa strefy dziennej - Zof-Mar Artur Dembny","isPartOf":{"@id":"https:\/\/www.zof-mar.com.pl\/blog\/#website"},"primaryImageOfPage":{"@id":"https:\/\/www.zof-mar.com.pl\/blog\/2026\/02\/23\/meble-do-salonu-na-wymiar-jak-stworzyc-spojna-i-dopracowana-zabudowe-strefy-dziennej\/#primaryimage"},"image":{"@id":"https:\/\/www.zof-mar.com.pl\/blog\/2026\/02\/23\/meble-do-salonu-na-wymiar-jak-stworzyc-spojna-i-dopracowana-zabudowe-strefy-dziennej\/#primaryimage"},"thumbnailUrl":"https:\/\/www.zof-mar.com.pl\/blog\/wp-content\/uploads\/2026\/02\/francesca-tosolini-DmOhItSo49k-unsplash2-scaled.jpg","datePublished":"2026-02-23T14:22:44+00:00","dateModified":"2026-02-23T14:24:46+00:00","author":{"@id":"https:\/\/www.zof-mar.com.pl\/blog\/#\/schema\/person\/fb9a4126e9c83eb7c4ff0de5a0c3cf66"},"description":"Sprawd\u017a, jak zaprojektowa\u0107 sp\u00f3jn\u0105 zabudow\u0119 salonu na wymiar. Podpowiadamy, jak dobra\u0107 styl i uk\u0142ad mebli. Przeczytaj artyku\u0142 i zaplanuj funkcjonaln\u0105 stref\u0119 dzienn\u0105.","breadcrumb":{"@id":"https:\/\/www.zof-mar.com.pl\/blog\/2026\/02\/23\/meble-do-salonu-na-wymiar-jak-stworzyc-spojna-i-dopracowana-zabudowe-strefy-dziennej\/#breadcrumb"},"inLanguage":"pl-PL","potentialAction":[{"@type":"ReadAction","target":["https:\/\/www.zof-mar.com.pl\/blog\/2026\/02\/23\/meble-do-salonu-na-wymiar-jak-stworzyc-spojna-i-dopracowana-zabudowe-strefy-dziennej\/"]}]},{"@type":"ImageObject","inLanguage":"pl-PL","@id":"https:\/\/www.zof-mar.com.pl\/blog\/2026\/02\/23\/meble-do-salonu-na-wymiar-jak-stworzyc-spojna-i-dopracowana-zabudowe-strefy-dziennej\/#primaryimage","url":"https:\/\/www.zof-mar.com.pl\/blog\/wp-content\/uploads\/2026\/02\/francesca-tosolini-DmOhItSo49k-unsplash2-scaled.jpg","contentUrl":"https:\/\/www.zof-mar.com.pl\/blog\/wp-content\/uploads\/2026\/02\/francesca-tosolini-DmOhItSo49k-unsplash2-scaled.jpg","width":2560,"height":1707,"caption":"Meble do salonu"},{"@type":"BreadcrumbList","@id":"https:\/\/www.zof-mar.com.pl\/blog\/2026\/02\/23\/meble-do-salonu-na-wymiar-jak-stworzyc-spojna-i-dopracowana-zabudowe-strefy-dziennej\/#breadcrumb","itemListElement":[{"@type":"ListItem","position":1,"name":"Strona g\u0142\u00f3wna","item":"https:\/\/www.zof-mar.com.pl\/blog\/"},{"@type":"ListItem","position":2,"name":"Meble do salonu na wymiar \u2013 jak stworzy\u0107 sp\u00f3jn\u0105 i dopracowan\u0105 zabudow\u0119 strefy dziennej?"}]},{"@type":"WebSite","@id":"https:\/\/www.zof-mar.com.pl\/blog\/#website","url":"https:\/\/www.zof-mar.com.pl\/blog\/","name":"Zof-Mar","description":"Odkryj \u015bwiat mebli na wymiar","potentialAction":[{"@type":"SearchAction","target":{"@type":"EntryPoint","urlTemplate":"https:\/\/www.zof-mar.com.pl\/blog\/?s={search_term_string}"},"query-input":{"@type":"PropertyValueSpecification","valueRequired":true,"valueName":"search_term_string"}}],"inLanguage":"pl-PL"},{"@type":"Person","@id":"https:\/\/www.zof-mar.com.pl\/blog\/#\/schema\/person\/fb9a4126e9c83eb7c4ff0de5a0c3cf66","name":"Zof-Mar","image":{"@type":"ImageObject","inLanguage":"pl-PL","@id":"https:\/\/secure.gravatar.com\/avatar\/a8613f0531a963f0a4e79327281e3e1c4ff830ce6fd5e110de1803ae097e9d24?s=96&d=mm&r=g","url":"https:\/\/secure.gravatar.com\/avatar\/a8613f0531a963f0a4e79327281e3e1c4ff830ce6fd5e110de1803ae097e9d24?s=96&d=mm&r=g","contentUrl":"https:\/\/secure.gravatar.com\/avatar\/a8613f0531a963f0a4e79327281e3e1c4ff830ce6fd5e110de1803ae097e9d24?s=96&d=mm&r=g","caption":"Zof-Mar"},"sameAs":["https:\/\/www.zof-mar.com.pl\/blog"],"url":"https:\/\/www.zof-mar.com.pl\/blog\/author\/zofmar\/"}]}},"_links":{"self":[{"href":"https:\/\/www.zof-mar.com.pl\/blog\/wp-json\/wp\/v2\/posts\/354","targetHints":{"allow":["GET"]}}],"collection":[{"href":"https:\/\/www.zof-mar.com.pl\/blog\/wp-json\/wp\/v2\/posts"}],"about":[{"href":"https:\/\/www.zof-mar.com.pl\/blog\/wp-json\/wp\/v2\/types\/post"}],"author":[{"embeddable":true,"href":"https:\/\/www.zof-mar.com.pl\/blog\/wp-json\/wp\/v2\/users\/1"}],"replies":[{"embeddable":true,"href":"https:\/\/www.zof-mar.com.pl\/blog\/wp-json\/wp\/v2\/comments?post=354"}],"version-history":[{"count":2,"href":"https:\/\/www.zof-mar.com.pl\/blog\/wp-json\/wp\/v2\/posts\/354\/revisions"}],"predecessor-version":[{"id":359,"href":"https:\/\/www.zof-mar.com.pl\/blog\/wp-json\/wp\/v2\/posts\/354\/revisions\/359"}],"wp:featuredmedia":[{"embeddable":true,"href":"https:\/\/www.zof-mar.com.pl\/blog\/wp-json\/wp\/v2\/media\/360"}],"wp:attachment":[{"href":"https:\/\/www.zof-mar.com.pl\/blog\/wp-json\/wp\/v2\/media?parent=354"}],"wp:term":[{"taxonomy":"category","embeddable":true,"href":"https:\/\/www.zof-mar.com.pl\/blog\/wp-json\/wp\/v2\/categories?post=354"},{"taxonomy":"post_tag","embeddable":true,"href":"https:\/\/www.zof-mar.com.pl\/blog\/wp-json\/wp\/v2\/tags?post=354"}],"curies":[{"name":"wp","href":"https:\/\/api.w.org\/{rel}","templated":true}]}}