{"id":83,"date":"2020-12-30T15:01:33","date_gmt":"2020-12-30T14:01:33","guid":{"rendered":"https:\/\/www.zof-mar.com.pl\/blog\/?p=83"},"modified":"2021-02-06T13:16:09","modified_gmt":"2021-02-06T12:16:09","slug":"kuchnia-na-wymiar-czy-z-ikei","status":"publish","type":"post","link":"https:\/\/www.zof-mar.com.pl\/blog\/2020\/12\/30\/kuchnia-na-wymiar-czy-z-ikei\/","title":{"rendered":"Kuchnia na wymiar czy z IKEI?"},"content":{"rendered":"\n<p>Urz\u0105dzanie kuchennego wn\u0119trza wi\u0105\u017ce si\u0119 z podejmowaniem wielu istotnych decyzji, jednak najbardziej kluczow\u0105 dla ca\u0142ego uk\u0142\u0105du kuchni jest wyb\u00f3r szafek i mebli kuchennych. Jakie wybra\u0107? Czy zdecydowa\u0107 si\u0119 na meble wykonywane na wymiar? A mo\u017ce lepiej skorzysta\u0107 z gotowych rozwi\u0105za\u0144 dost\u0119pnych np. w sklepie IKEA?<\/p>\n\n\n\n<h2 class=\"wp-block-heading\">Czas to pieni\u0105dz?<\/h2>\n\n\n\n<p>Czeka Ci\u0119 remont lub urz\u0105dzanie nowej kuchni? Z pewno\u015bci\u0105 masz ju\u017c pewn\u0105 wizj\u0119 na jej wygl\u0105d, kolorystyk\u0119, detale. Zanim jednak zaczniesz ustawia\u0107 na p\u00f3\u0142kach ulubione kubeczki i wiesza\u0107 ozdoby, podj\u0105\u0107 nale\u017cy decyzj\u0119 na temat wyboru mebli kuchennych. Jak dokona\u0107 w\u0142a\u015bciwego wyboru?<\/p>\n\n\n\n<p>Kluczowym jest odpowiedzenie sobie na kilka podstawowych pyta\u0144. Przede wszystkim, warto u\u015bwiadomi\u0107 sobie, ile czasu dajemy sobie na urz\u0105dzenie pomieszczenia. Odpowied\u017a b\u0119dzie generowa\u0142a kolejne wybory. Je\u015bli mamy mo\u017cliwo\u015b\u0107 czekania kilka\/kilkana\u015bcie tygodni, warto postawi\u0107 na <a href=\"https:\/\/www.zof-mar.com.pl\/meble-kuchenne\">kuchni\u0119 wykonywan\u0105 na wymiar<\/a> przez stolarza. Us\u0142uga taka wymaga uzbrojenia si\u0119 w cierpliwo\u015b\u0107 i czas &#8211; jest on konieczny do przygotowania mebli nie z &#8222;p\u00f3\u0142produkt\u00f3w&#8221;, ale skrojonych na miar\u0119 Twojego wn\u0119trza. Meble z sieci\u00f3wki s\u0105 sk\u0142adane z wyprodukowanych wcze\u015bniej cz\u0119\u015bci i w Twoim domu mog\u0105 si\u0119 znale\u017a\u0107 ju\u017c po kilku dniach od z\u0142o\u017cenia zam\u00f3wienia.<\/p>\n\n\n\n<figure class=\"wp-block-image size-large\"><img loading=\"lazy\" decoding=\"async\" width=\"700\" height=\"418\" src=\"https:\/\/www.zof-mar.com.pl\/blog\/wp-content\/uploads\/2020\/12\/czarna-kuchnia-na-wymiar.jpg\" alt=\"otwarta kuchnia na wymiar w czarnym kolorze\" class=\"wp-image-87\" srcset=\"https:\/\/www.zof-mar.com.pl\/blog\/wp-content\/uploads\/2020\/12\/czarna-kuchnia-na-wymiar.jpg 700w, https:\/\/www.zof-mar.com.pl\/blog\/wp-content\/uploads\/2020\/12\/czarna-kuchnia-na-wymiar-300x179.jpg 300w\" sizes=\"auto, (max-width: 700px) 100vw, 700px\" \/><\/figure>\n\n\n\n<h2 class=\"wp-block-heading\">Optycznie, estetycznie<\/h2>\n\n\n\n<p>Kuchnie z popularnych sieci\u00f3wek cechuje mniejsza mo\u017cliwo\u015b\u0107 wyboru na przyk\u0142ad szeroko\u015bci szafek. IKEA czy inne sieci\u00f3wki oferuj\u0105 szafki o szeroko\u015bci co 20 centymetr\u00f3w &#8211; wi\u0105\u017ce si\u0119 to z mniejszymi mo\u017cliwo\u015bciami doboru mebli do wymiar\u00f3w, kiedy odejmiemy wszelkie niezb\u0119dne sprz\u0119ty &#8211; zmywark\u0119, kuchenk\u0119 czy lod\u00f3wk\u0119. Inn\u0105 istotn\u0105 kwesti\u0105 jest brak sp\u00f3jno\u015bci estetycznej &#8211; meble kuchenne najlepiej wygl\u0105daj\u0105 wtedy, kiedy dolne i g\u00f3rne szafki maj\u0105 powtarzalne wymiary &#8211; w przypadku kiedy wybieramy, najpopularniejsz\u0105, czterdziestopi\u0119ciocentymetrow\u0105 zmywark\u0119, w popularnych sieci\u00f3wkach nie dobierzemy do niej szafki w tym wymiarze, przez co optycznie meble b\u0119d\u0105 &#8222;przesuni\u0119te&#8221;.<\/p>\n\n\n\n<figure class=\"wp-block-image size-large\"><img loading=\"lazy\" decoding=\"async\" width=\"723\" height=\"440\" src=\"https:\/\/www.zof-mar.com.pl\/blog\/wp-content\/uploads\/2020\/12\/meble-na-wymiar.jpg\" alt=\"bia\u0142a kuchnia na wymiar z wysp\u0105\" class=\"wp-image-88\" srcset=\"https:\/\/www.zof-mar.com.pl\/blog\/wp-content\/uploads\/2020\/12\/meble-na-wymiar.jpg 723w, https:\/\/www.zof-mar.com.pl\/blog\/wp-content\/uploads\/2020\/12\/meble-na-wymiar-300x183.jpg 300w\" sizes=\"auto, (max-width: 723px) 100vw, 723px\" \/><\/figure>\n\n\n\n<h2 class=\"wp-block-heading\">Do wyboru, do koloru!<\/h2>\n\n\n\n<p>Meble na wymiar maj\u0105 znaczn\u0105 przewag\u0119 nad meblami z sieci\u00f3wek tak\u017ce w kwestii doboru dodatk\u00f3w, materia\u0142\u00f3w i niestandardowych rozwi\u0105za\u0144 &#8211; mo\u017cliwo\u015b\u0107 wyboru nie spo\u015br\u00f3d kilku, ale kilkuset kolor\u00f3w, wzor\u00f3w daje pewno\u015b\u0107, \u017ce stworzona i urz\u0105dzona kuchnia b\u0119dzie prawdziw\u0105 kuchni\u0105 marze\u0144! Bez kompromis\u00f3w i p\u00f3\u0142\u015brodk\u00f3w!<\/p>\n\n\n\n<p>Korzystaj\u0105c z us\u0142ug wyrobu mebli na wymiar mo\u017cemy mie\u0107 pewno\u015b\u0107, \u017ce nasza kuchnia b\u0119dzie ca\u0142kowicie unikalna i szlachetna, wykonana z najlepszych materia\u0142\u00f3w. Jedynym minusem mo\u017ce by\u0107 wy\u017csza cena, jak\u0105 zap\u0142acimy za wykonanie mebli. Sieci\u00f3wki z pewno\u015bci\u0105 posiadaj\u0105 meble w lepszych cenach, jednak w tym przypadku &#8211; p\u0142acimy za jako\u015b\u0107!<\/p>\n","protected":false},"excerpt":{"rendered":"<p>Urz\u0105dzanie kuchennego wn\u0119trza wi\u0105\u017ce si\u0119 z podejmowaniem wielu istotnych decyzji, jednak najbardziej kluczow\u0105 dla ca\u0142ego uk\u0142\u0105du kuchni jest wyb\u00f3r szafek i mebli kuchennych. Jakie wybra\u0107? Czy zdecydowa\u0107 si\u0119 na meble wykonywane na wymiar? A mo\u017ce lepiej skorzysta\u0107 z gotowych rozwi\u0105za\u0144 dost\u0119pnych np. w sklepie IKEA? Czas to pieni\u0105dz? Czeka Ci\u0119 remont lub urz\u0105dzanie nowej kuchni? [&hellip;]<\/p>\n","protected":false},"author":1,"featured_media":86,"comment_status":"open","ping_status":"open","sticky":false,"template":"","format":"standard","meta":{"footnotes":""},"categories":[5],"tags":[7,8],"class_list":["post-83","post","type-post","status-publish","format-standard","has-post-thumbnail","hentry","category-meble-kuchenne","tag-kuchnie","tag-meble-kuchenne"],"yoast_head":"<!-- This site is optimized with the Yoast SEO plugin v27.5 - https:\/\/yoast.com\/product\/yoast-seo-wordpress\/ -->\n<title>Kuchnia na wymiar czy z IKEI? - Zof-Mar<\/title>\n<meta name=\"robots\" content=\"index, follow, max-snippet:-1, max-image-preview:large, max-video-preview:-1\" \/>\n<link rel=\"canonical\" href=\"https:\/\/www.zof-mar.com.pl\/blog\/2020\/12\/30\/kuchnia-na-wymiar-czy-z-ikei\/\" \/>\n<meta property=\"og:locale\" content=\"pl_PL\" \/>\n<meta property=\"og:type\" content=\"article\" \/>\n<meta property=\"og:title\" content=\"Kuchnia na wymiar czy z IKEI? - Zof-Mar\" \/>\n<meta property=\"og:description\" content=\"Urz\u0105dzanie kuchennego wn\u0119trza wi\u0105\u017ce si\u0119 z podejmowaniem wielu istotnych decyzji, jednak najbardziej kluczow\u0105 dla ca\u0142ego uk\u0142\u0105du kuchni jest wyb\u00f3r szafek i mebli kuchennych. Jakie wybra\u0107? Czy zdecydowa\u0107 si\u0119 na meble wykonywane na wymiar? A mo\u017ce lepiej skorzysta\u0107 z gotowych rozwi\u0105za\u0144 dost\u0119pnych np. w sklepie IKEA? Czas to pieni\u0105dz? Czeka Ci\u0119 remont lub urz\u0105dzanie nowej kuchni? [&hellip;]\" \/>\n<meta property=\"og:url\" content=\"https:\/\/www.zof-mar.com.pl\/blog\/2020\/12\/30\/kuchnia-na-wymiar-czy-z-ikei\/\" \/>\n<meta property=\"og:site_name\" content=\"Zof-Mar\" \/>\n<meta property=\"article:published_time\" content=\"2020-12-30T14:01:33+00:00\" \/>\n<meta property=\"article:modified_time\" content=\"2021-02-06T12:16:09+00:00\" \/>\n<meta property=\"og:image\" content=\"https:\/\/www.zof-mar.com.pl\/blog\/wp-content\/uploads\/2020\/12\/kuchnia-na-wymiar.jpg\" \/>\n\t<meta property=\"og:image:width\" content=\"1920\" \/>\n\t<meta property=\"og:image:height\" content=\"1152\" \/>\n\t<meta property=\"og:image:type\" content=\"image\/jpeg\" \/>\n<meta name=\"author\" content=\"Zof-Mar\" \/>\n<meta name=\"twitter:card\" content=\"summary_large_image\" \/>\n<meta name=\"twitter:label1\" content=\"Napisane przez\" \/>\n\t<meta name=\"twitter:data1\" content=\"Zof-Mar\" \/>\n\t<meta name=\"twitter:label2\" content=\"Szacowany czas czytania\" \/>\n\t<meta name=\"twitter:data2\" content=\"2 minuty\" \/>\n<script type=\"application\/ld+json\" class=\"yoast-schema-graph\">{\"@context\":\"https:\\\/\\\/schema.org\",\"@graph\":[{\"@type\":\"Article\",\"@id\":\"https:\\\/\\\/www.zof-mar.com.pl\\\/blog\\\/2020\\\/12\\\/30\\\/kuchnia-na-wymiar-czy-z-ikei\\\/#article\",\"isPartOf\":{\"@id\":\"https:\\\/\\\/www.zof-mar.com.pl\\\/blog\\\/2020\\\/12\\\/30\\\/kuchnia-na-wymiar-czy-z-ikei\\\/\"},\"author\":{\"name\":\"Zof-Mar\",\"@id\":\"https:\\\/\\\/www.zof-mar.com.pl\\\/blog\\\/#\\\/schema\\\/person\\\/fb9a4126e9c83eb7c4ff0de5a0c3cf66\"},\"headline\":\"Kuchnia na wymiar czy z IKEI?\",\"datePublished\":\"2020-12-30T14:01:33+00:00\",\"dateModified\":\"2021-02-06T12:16:09+00:00\",\"mainEntityOfPage\":{\"@id\":\"https:\\\/\\\/www.zof-mar.com.pl\\\/blog\\\/2020\\\/12\\\/30\\\/kuchnia-na-wymiar-czy-z-ikei\\\/\"},\"wordCount\":456,\"commentCount\":0,\"image\":{\"@id\":\"https:\\\/\\\/www.zof-mar.com.pl\\\/blog\\\/2020\\\/12\\\/30\\\/kuchnia-na-wymiar-czy-z-ikei\\\/#primaryimage\"},\"thumbnailUrl\":\"https:\\\/\\\/www.zof-mar.com.pl\\\/blog\\\/wp-content\\\/uploads\\\/2020\\\/12\\\/kuchnia-na-wymiar.jpg\",\"keywords\":[\"kuchnie\",\"meble kuchenne\"],\"articleSection\":[\"Meble kuchenne\"],\"inLanguage\":\"pl-PL\",\"potentialAction\":[{\"@type\":\"CommentAction\",\"name\":\"Comment\",\"target\":[\"https:\\\/\\\/www.zof-mar.com.pl\\\/blog\\\/2020\\\/12\\\/30\\\/kuchnia-na-wymiar-czy-z-ikei\\\/#respond\"]}]},{\"@type\":\"WebPage\",\"@id\":\"https:\\\/\\\/www.zof-mar.com.pl\\\/blog\\\/2020\\\/12\\\/30\\\/kuchnia-na-wymiar-czy-z-ikei\\\/\",\"url\":\"https:\\\/\\\/www.zof-mar.com.pl\\\/blog\\\/2020\\\/12\\\/30\\\/kuchnia-na-wymiar-czy-z-ikei\\\/\",\"name\":\"Kuchnia na wymiar czy z IKEI? - Zof-Mar\",\"isPartOf\":{\"@id\":\"https:\\\/\\\/www.zof-mar.com.pl\\\/blog\\\/#website\"},\"primaryImageOfPage\":{\"@id\":\"https:\\\/\\\/www.zof-mar.com.pl\\\/blog\\\/2020\\\/12\\\/30\\\/kuchnia-na-wymiar-czy-z-ikei\\\/#primaryimage\"},\"image\":{\"@id\":\"https:\\\/\\\/www.zof-mar.com.pl\\\/blog\\\/2020\\\/12\\\/30\\\/kuchnia-na-wymiar-czy-z-ikei\\\/#primaryimage\"},\"thumbnailUrl\":\"https:\\\/\\\/www.zof-mar.com.pl\\\/blog\\\/wp-content\\\/uploads\\\/2020\\\/12\\\/kuchnia-na-wymiar.jpg\",\"datePublished\":\"2020-12-30T14:01:33+00:00\",\"dateModified\":\"2021-02-06T12:16:09+00:00\",\"author\":{\"@id\":\"https:\\\/\\\/www.zof-mar.com.pl\\\/blog\\\/#\\\/schema\\\/person\\\/fb9a4126e9c83eb7c4ff0de5a0c3cf66\"},\"breadcrumb\":{\"@id\":\"https:\\\/\\\/www.zof-mar.com.pl\\\/blog\\\/2020\\\/12\\\/30\\\/kuchnia-na-wymiar-czy-z-ikei\\\/#breadcrumb\"},\"inLanguage\":\"pl-PL\",\"potentialAction\":[{\"@type\":\"ReadAction\",\"target\":[\"https:\\\/\\\/www.zof-mar.com.pl\\\/blog\\\/2020\\\/12\\\/30\\\/kuchnia-na-wymiar-czy-z-ikei\\\/\"]}]},{\"@type\":\"ImageObject\",\"inLanguage\":\"pl-PL\",\"@id\":\"https:\\\/\\\/www.zof-mar.com.pl\\\/blog\\\/2020\\\/12\\\/30\\\/kuchnia-na-wymiar-czy-z-ikei\\\/#primaryimage\",\"url\":\"https:\\\/\\\/www.zof-mar.com.pl\\\/blog\\\/wp-content\\\/uploads\\\/2020\\\/12\\\/kuchnia-na-wymiar.jpg\",\"contentUrl\":\"https:\\\/\\\/www.zof-mar.com.pl\\\/blog\\\/wp-content\\\/uploads\\\/2020\\\/12\\\/kuchnia-na-wymiar.jpg\",\"width\":1920,\"height\":1152,\"caption\":\"Zielona kuchnia na wymiar z wysp\u0105\"},{\"@type\":\"BreadcrumbList\",\"@id\":\"https:\\\/\\\/www.zof-mar.com.pl\\\/blog\\\/2020\\\/12\\\/30\\\/kuchnia-na-wymiar-czy-z-ikei\\\/#breadcrumb\",\"itemListElement\":[{\"@type\":\"ListItem\",\"position\":1,\"name\":\"Strona g\u0142\u00f3wna\",\"item\":\"https:\\\/\\\/www.zof-mar.com.pl\\\/blog\\\/\"},{\"@type\":\"ListItem\",\"position\":2,\"name\":\"Kuchnia na wymiar czy z IKEI?\"}]},{\"@type\":\"WebSite\",\"@id\":\"https:\\\/\\\/www.zof-mar.com.pl\\\/blog\\\/#website\",\"url\":\"https:\\\/\\\/www.zof-mar.com.pl\\\/blog\\\/\",\"name\":\"Zof-Mar\",\"description\":\"Odkryj \u015bwiat mebli na wymiar\",\"potentialAction\":[{\"@type\":\"SearchAction\",\"target\":{\"@type\":\"EntryPoint\",\"urlTemplate\":\"https:\\\/\\\/www.zof-mar.com.pl\\\/blog\\\/?s={search_term_string}\"},\"query-input\":{\"@type\":\"PropertyValueSpecification\",\"valueRequired\":true,\"valueName\":\"search_term_string\"}}],\"inLanguage\":\"pl-PL\"},{\"@type\":\"Person\",\"@id\":\"https:\\\/\\\/www.zof-mar.com.pl\\\/blog\\\/#\\\/schema\\\/person\\\/fb9a4126e9c83eb7c4ff0de5a0c3cf66\",\"name\":\"Zof-Mar\",\"image\":{\"@type\":\"ImageObject\",\"inLanguage\":\"pl-PL\",\"@id\":\"https:\\\/\\\/secure.gravatar.com\\\/avatar\\\/a8613f0531a963f0a4e79327281e3e1c4ff830ce6fd5e110de1803ae097e9d24?s=96&d=mm&r=g\",\"url\":\"https:\\\/\\\/secure.gravatar.com\\\/avatar\\\/a8613f0531a963f0a4e79327281e3e1c4ff830ce6fd5e110de1803ae097e9d24?s=96&d=mm&r=g\",\"contentUrl\":\"https:\\\/\\\/secure.gravatar.com\\\/avatar\\\/a8613f0531a963f0a4e79327281e3e1c4ff830ce6fd5e110de1803ae097e9d24?s=96&d=mm&r=g\",\"caption\":\"Zof-Mar\"},\"sameAs\":[\"https:\\\/\\\/www.zof-mar.com.pl\\\/blog\"],\"url\":\"https:\\\/\\\/www.zof-mar.com.pl\\\/blog\\\/author\\\/zofmar\\\/\"}]}<\/script>\n<!-- \/ Yoast SEO plugin. -->","yoast_head_json":{"title":"Kuchnia na wymiar czy z IKEI? - Zof-Mar","robots":{"index":"index","follow":"follow","max-snippet":"max-snippet:-1","max-image-preview":"max-image-preview:large","max-video-preview":"max-video-preview:-1"},"canonical":"https:\/\/www.zof-mar.com.pl\/blog\/2020\/12\/30\/kuchnia-na-wymiar-czy-z-ikei\/","og_locale":"pl_PL","og_type":"article","og_title":"Kuchnia na wymiar czy z IKEI? - Zof-Mar","og_description":"Urz\u0105dzanie kuchennego wn\u0119trza wi\u0105\u017ce si\u0119 z podejmowaniem wielu istotnych decyzji, jednak najbardziej kluczow\u0105 dla ca\u0142ego uk\u0142\u0105du kuchni jest wyb\u00f3r szafek i mebli kuchennych. Jakie wybra\u0107? Czy zdecydowa\u0107 si\u0119 na meble wykonywane na wymiar? A mo\u017ce lepiej skorzysta\u0107 z gotowych rozwi\u0105za\u0144 dost\u0119pnych np. w sklepie IKEA? Czas to pieni\u0105dz? Czeka Ci\u0119 remont lub urz\u0105dzanie nowej kuchni? [&hellip;]","og_url":"https:\/\/www.zof-mar.com.pl\/blog\/2020\/12\/30\/kuchnia-na-wymiar-czy-z-ikei\/","og_site_name":"Zof-Mar","article_published_time":"2020-12-30T14:01:33+00:00","article_modified_time":"2021-02-06T12:16:09+00:00","og_image":[{"width":1920,"height":1152,"url":"https:\/\/www.zof-mar.com.pl\/blog\/wp-content\/uploads\/2020\/12\/kuchnia-na-wymiar.jpg","type":"image\/jpeg"}],"author":"Zof-Mar","twitter_card":"summary_large_image","twitter_misc":{"Napisane przez":"Zof-Mar","Szacowany czas czytania":"2 minuty"},"schema":{"@context":"https:\/\/schema.org","@graph":[{"@type":"Article","@id":"https:\/\/www.zof-mar.com.pl\/blog\/2020\/12\/30\/kuchnia-na-wymiar-czy-z-ikei\/#article","isPartOf":{"@id":"https:\/\/www.zof-mar.com.pl\/blog\/2020\/12\/30\/kuchnia-na-wymiar-czy-z-ikei\/"},"author":{"name":"Zof-Mar","@id":"https:\/\/www.zof-mar.com.pl\/blog\/#\/schema\/person\/fb9a4126e9c83eb7c4ff0de5a0c3cf66"},"headline":"Kuchnia na wymiar czy z IKEI?","datePublished":"2020-12-30T14:01:33+00:00","dateModified":"2021-02-06T12:16:09+00:00","mainEntityOfPage":{"@id":"https:\/\/www.zof-mar.com.pl\/blog\/2020\/12\/30\/kuchnia-na-wymiar-czy-z-ikei\/"},"wordCount":456,"commentCount":0,"image":{"@id":"https:\/\/www.zof-mar.com.pl\/blog\/2020\/12\/30\/kuchnia-na-wymiar-czy-z-ikei\/#primaryimage"},"thumbnailUrl":"https:\/\/www.zof-mar.com.pl\/blog\/wp-content\/uploads\/2020\/12\/kuchnia-na-wymiar.jpg","keywords":["kuchnie","meble kuchenne"],"articleSection":["Meble kuchenne"],"inLanguage":"pl-PL","potentialAction":[{"@type":"CommentAction","name":"Comment","target":["https:\/\/www.zof-mar.com.pl\/blog\/2020\/12\/30\/kuchnia-na-wymiar-czy-z-ikei\/#respond"]}]},{"@type":"WebPage","@id":"https:\/\/www.zof-mar.com.pl\/blog\/2020\/12\/30\/kuchnia-na-wymiar-czy-z-ikei\/","url":"https:\/\/www.zof-mar.com.pl\/blog\/2020\/12\/30\/kuchnia-na-wymiar-czy-z-ikei\/","name":"Kuchnia na wymiar czy z IKEI? - Zof-Mar","isPartOf":{"@id":"https:\/\/www.zof-mar.com.pl\/blog\/#website"},"primaryImageOfPage":{"@id":"https:\/\/www.zof-mar.com.pl\/blog\/2020\/12\/30\/kuchnia-na-wymiar-czy-z-ikei\/#primaryimage"},"image":{"@id":"https:\/\/www.zof-mar.com.pl\/blog\/2020\/12\/30\/kuchnia-na-wymiar-czy-z-ikei\/#primaryimage"},"thumbnailUrl":"https:\/\/www.zof-mar.com.pl\/blog\/wp-content\/uploads\/2020\/12\/kuchnia-na-wymiar.jpg","datePublished":"2020-12-30T14:01:33+00:00","dateModified":"2021-02-06T12:16:09+00:00","author":{"@id":"https:\/\/www.zof-mar.com.pl\/blog\/#\/schema\/person\/fb9a4126e9c83eb7c4ff0de5a0c3cf66"},"breadcrumb":{"@id":"https:\/\/www.zof-mar.com.pl\/blog\/2020\/12\/30\/kuchnia-na-wymiar-czy-z-ikei\/#breadcrumb"},"inLanguage":"pl-PL","potentialAction":[{"@type":"ReadAction","target":["https:\/\/www.zof-mar.com.pl\/blog\/2020\/12\/30\/kuchnia-na-wymiar-czy-z-ikei\/"]}]},{"@type":"ImageObject","inLanguage":"pl-PL","@id":"https:\/\/www.zof-mar.com.pl\/blog\/2020\/12\/30\/kuchnia-na-wymiar-czy-z-ikei\/#primaryimage","url":"https:\/\/www.zof-mar.com.pl\/blog\/wp-content\/uploads\/2020\/12\/kuchnia-na-wymiar.jpg","contentUrl":"https:\/\/www.zof-mar.com.pl\/blog\/wp-content\/uploads\/2020\/12\/kuchnia-na-wymiar.jpg","width":1920,"height":1152,"caption":"Zielona kuchnia na wymiar z wysp\u0105"},{"@type":"BreadcrumbList","@id":"https:\/\/www.zof-mar.com.pl\/blog\/2020\/12\/30\/kuchnia-na-wymiar-czy-z-ikei\/#breadcrumb","itemListElement":[{"@type":"ListItem","position":1,"name":"Strona g\u0142\u00f3wna","item":"https:\/\/www.zof-mar.com.pl\/blog\/"},{"@type":"ListItem","position":2,"name":"Kuchnia na wymiar czy z IKEI?"}]},{"@type":"WebSite","@id":"https:\/\/www.zof-mar.com.pl\/blog\/#website","url":"https:\/\/www.zof-mar.com.pl\/blog\/","name":"Zof-Mar","description":"Odkryj \u015bwiat mebli na wymiar","potentialAction":[{"@type":"SearchAction","target":{"@type":"EntryPoint","urlTemplate":"https:\/\/www.zof-mar.com.pl\/blog\/?s={search_term_string}"},"query-input":{"@type":"PropertyValueSpecification","valueRequired":true,"valueName":"search_term_string"}}],"inLanguage":"pl-PL"},{"@type":"Person","@id":"https:\/\/www.zof-mar.com.pl\/blog\/#\/schema\/person\/fb9a4126e9c83eb7c4ff0de5a0c3cf66","name":"Zof-Mar","image":{"@type":"ImageObject","inLanguage":"pl-PL","@id":"https:\/\/secure.gravatar.com\/avatar\/a8613f0531a963f0a4e79327281e3e1c4ff830ce6fd5e110de1803ae097e9d24?s=96&d=mm&r=g","url":"https:\/\/secure.gravatar.com\/avatar\/a8613f0531a963f0a4e79327281e3e1c4ff830ce6fd5e110de1803ae097e9d24?s=96&d=mm&r=g","contentUrl":"https:\/\/secure.gravatar.com\/avatar\/a8613f0531a963f0a4e79327281e3e1c4ff830ce6fd5e110de1803ae097e9d24?s=96&d=mm&r=g","caption":"Zof-Mar"},"sameAs":["https:\/\/www.zof-mar.com.pl\/blog"],"url":"https:\/\/www.zof-mar.com.pl\/blog\/author\/zofmar\/"}]}},"_links":{"self":[{"href":"https:\/\/www.zof-mar.com.pl\/blog\/wp-json\/wp\/v2\/posts\/83","targetHints":{"allow":["GET"]}}],"collection":[{"href":"https:\/\/www.zof-mar.com.pl\/blog\/wp-json\/wp\/v2\/posts"}],"about":[{"href":"https:\/\/www.zof-mar.com.pl\/blog\/wp-json\/wp\/v2\/types\/post"}],"author":[{"embeddable":true,"href":"https:\/\/www.zof-mar.com.pl\/blog\/wp-json\/wp\/v2\/users\/1"}],"replies":[{"embeddable":true,"href":"https:\/\/www.zof-mar.com.pl\/blog\/wp-json\/wp\/v2\/comments?post=83"}],"version-history":[{"count":3,"href":"https:\/\/www.zof-mar.com.pl\/blog\/wp-json\/wp\/v2\/posts\/83\/revisions"}],"predecessor-version":[{"id":90,"href":"https:\/\/www.zof-mar.com.pl\/blog\/wp-json\/wp\/v2\/posts\/83\/revisions\/90"}],"wp:featuredmedia":[{"embeddable":true,"href":"https:\/\/www.zof-mar.com.pl\/blog\/wp-json\/wp\/v2\/media\/86"}],"wp:attachment":[{"href":"https:\/\/www.zof-mar.com.pl\/blog\/wp-json\/wp\/v2\/media?parent=83"}],"wp:term":[{"taxonomy":"category","embeddable":true,"href":"https:\/\/www.zof-mar.com.pl\/blog\/wp-json\/wp\/v2\/categories?post=83"},{"taxonomy":"post_tag","embeddable":true,"href":"https:\/\/www.zof-mar.com.pl\/blog\/wp-json\/wp\/v2\/tags?post=83"}],"curies":[{"name":"wp","href":"https:\/\/api.w.org\/{rel}","templated":true}]}}